{"id":12345,"date":"2018-10-11T09:39:02","date_gmt":"2018-10-11T09:39:02","guid":{"rendered":"http:\/\/www.colegiomariareina.cl\/web\/?p=12345"},"modified":"2019-03-18T20:07:41","modified_gmt":"2019-03-18T20:07:41","slug":"feria-de-las-pulgas","status":"publish","type":"post","link":"https:\/\/colegiomariareina.cl\/2025\/feria-de-las-pulgas\/","title":{"rendered":"FERIA DE LAS PULGAS"},"content":{"rendered":"<h5>El Centro de Padres y Apoderados del Colegio Mar\u00eda Reina extiende la m\u00e1s cordial invitaci\u00f3n a la comunidad a visitar la Feria de las Pulgas este s\u00e1bado 13 a contar de las 10:00 de la ma\u00f1ana en nuestro colegio, instancia donde podr\u00e1s encontrar ropa, juguetes, accesorios y m\u00e1s. Te esperamos !!!<\/h5>\n","protected":false},"excerpt":{"rendered":"<p>El Centro de Padres y Apoderados del Colegio Mar\u00eda Reina extiende la m\u00e1s cordial invitaci\u00f3n a la comunidad a visitar la Feria de las Pulgas este s\u00e1bado 13 a contar de las 10:00 de la ma\u00f1ana en nuestro colegio, instancia donde podr\u00e1s encontrar ropa, juguetes, accesorios y m\u00e1s. Te esperamos !!!<\/p>\n","protected":false},"author":2,"featured_media":12346,"comment_status":"open","ping_status":"open","sticky":false,"template":"","format":"standard","meta":{"_et_pb_use_builder":"","_et_pb_old_content":"","_et_gb_content_width":"","footnotes":""},"categories":[3],"tags":[],"class_list":["post-12345","post","type-post","status-publish","format-standard","has-post-thumbnail","hentry","category-noticias"],"_links":{"self":[{"href":"https:\/\/colegiomariareina.cl\/2025\/wp-json\/wp\/v2\/posts\/12345","targetHints":{"allow":["GET"]}}],"collection":[{"href":"https:\/\/colegiomariareina.cl\/2025\/wp-json\/wp\/v2\/posts"}],"about":[{"href":"https:\/\/colegiomariareina.cl\/2025\/wp-json\/wp\/v2\/types\/post"}],"author":[{"embeddable":true,"href":"https:\/\/colegiomariareina.cl\/2025\/wp-json\/wp\/v2\/users\/2"}],"replies":[{"embeddable":true,"href":"https:\/\/colegiomariareina.cl\/2025\/wp-json\/wp\/v2\/comments?post=12345"}],"version-history":[{"count":1,"href":"https:\/\/colegiomariareina.cl\/2025\/wp-json\/wp\/v2\/posts\/12345\/revisions"}],"predecessor-version":[{"id":12347,"href":"https:\/\/colegiomariareina.cl\/2025\/wp-json\/wp\/v2\/posts\/12345\/revisions\/12347"}],"wp:featuredmedia":[{"embeddable":true,"href":"https:\/\/colegiomariareina.cl\/2025\/wp-json\/wp\/v2\/media\/12346"}],"wp:attachment":[{"href":"https:\/\/colegiomariareina.cl\/2025\/wp-json\/wp\/v2\/media?parent=12345"}],"wp:term":[{"taxonomy":"category","embeddable":true,"href":"https:\/\/colegiomariareina.cl\/2025\/wp-json\/wp\/v2\/categories?post=12345"},{"taxonomy":"post_tag","embeddable":true,"href":"https:\/\/colegiomariareina.cl\/2025\/wp-json\/wp\/v2\/tags?post=12345"}],"curies":[{"name":"wp","href":"https:\/\/api.w.org\/{rel}","templated":true}]}}