{"id":12355,"date":"2018-10-17T12:34:54","date_gmt":"2018-10-17T12:34:54","guid":{"rendered":"http:\/\/www.colegiomariareina.cl\/web\/?p=12355"},"modified":"2018-10-17T12:34:54","modified_gmt":"2018-10-17T12:34:54","slug":"eucaristia-7-basico-b-17-de-octubre-de-2018","status":"publish","type":"post","link":"https:\/\/colegiomariareina.cl\/2025\/eucaristia-7-basico-b-17-de-octubre-de-2018\/","title":{"rendered":"EUCARIST\u00cdA 7\u00b0 B\u00c1SICO B &#8211; 17 DE OCTUBRE DE 2018"},"content":{"rendered":"<h5>Esta ma\u00f1ana el 7\u00ba b\u00e1sico B celebr\u00f3 con fe y alegr\u00eda la tradicional Eucarist\u00eda de los d\u00edas mi\u00e9rcoles, ofreciendo a Dios por la unidad como curso para aprender a seguir el camino de Jes\u00fas, por sus familias y por quienes se encuentran delicados de salud.<\/h5>\n<p><a href=\"http:\/\/www.colegiomariareina.cl\/web\/wp-content\/uploads\/2018\/10\/EUCARIST\u00cdA-2.jpg\"><img loading=\"lazy\" decoding=\"async\" class=\"alignleft size-thumbnail wp-image-12357\" src=\"http:\/\/www.colegiomariareina.cl\/web\/wp-content\/uploads\/2018\/10\/EUCARIST\u00cdA-2-150x150.jpg\" alt=\"\" width=\"150\" height=\"150\" srcset=\"https:\/\/colegiomariareina.cl\/2025\/wp-content\/uploads\/2018\/10\/EUCARIST\u00cdA-2-150x150.jpg 150w, https:\/\/colegiomariareina.cl\/2025\/wp-content\/uploads\/2018\/10\/EUCARIST\u00cdA-2-65x65.jpg 65w, https:\/\/colegiomariareina.cl\/2025\/wp-content\/uploads\/2018\/10\/EUCARIST\u00cdA-2-570x570.jpg 570w, https:\/\/colegiomariareina.cl\/2025\/wp-content\/uploads\/2018\/10\/EUCARIST\u00cdA-2-270x270.jpg 270w\" sizes=\"auto, (max-width: 150px) 100vw, 150px\" \/><\/a> <a href=\"http:\/\/www.colegiomariareina.cl\/web\/wp-content\/uploads\/2018\/10\/EUCARIST\u00cdA-3.jpg\"><img loading=\"lazy\" decoding=\"async\" class=\"alignleft size-thumbnail wp-image-12358\" src=\"http:\/\/www.colegiomariareina.cl\/web\/wp-content\/uploads\/2018\/10\/EUCARIST\u00cdA-3-150x150.jpg\" alt=\"\" width=\"150\" height=\"150\" srcset=\"https:\/\/colegiomariareina.cl\/2025\/wp-content\/uploads\/2018\/10\/EUCARIST\u00cdA-3-150x150.jpg 150w, https:\/\/colegiomariareina.cl\/2025\/wp-content\/uploads\/2018\/10\/EUCARIST\u00cdA-3-65x65.jpg 65w, https:\/\/colegiomariareina.cl\/2025\/wp-content\/uploads\/2018\/10\/EUCARIST\u00cdA-3-570x570.jpg 570w, https:\/\/colegiomariareina.cl\/2025\/wp-content\/uploads\/2018\/10\/EUCARIST\u00cdA-3-270x270.jpg 270w\" sizes=\"auto, (max-width: 150px) 100vw, 150px\" \/><\/a> <a href=\"http:\/\/www.colegiomariareina.cl\/web\/wp-content\/uploads\/2018\/10\/EUCARIST\u00cdA-4.jpg\"><img loading=\"lazy\" decoding=\"async\" class=\"alignleft size-thumbnail wp-image-12359\" src=\"http:\/\/www.colegiomariareina.cl\/web\/wp-content\/uploads\/2018\/10\/EUCARIST\u00cdA-4-150x150.jpg\" alt=\"\" width=\"150\" height=\"150\" srcset=\"https:\/\/colegiomariareina.cl\/2025\/wp-content\/uploads\/2018\/10\/EUCARIST\u00cdA-4-150x150.jpg 150w, https:\/\/colegiomariareina.cl\/2025\/wp-content\/uploads\/2018\/10\/EUCARIST\u00cdA-4-65x65.jpg 65w, https:\/\/colegiomariareina.cl\/2025\/wp-content\/uploads\/2018\/10\/EUCARIST\u00cdA-4-570x570.jpg 570w, https:\/\/colegiomariareina.cl\/2025\/wp-content\/uploads\/2018\/10\/EUCARIST\u00cdA-4-270x270.jpg 270w\" sizes=\"auto, (max-width: 150px) 100vw, 150px\" \/><\/a> <a href=\"http:\/\/www.colegiomariareina.cl\/web\/wp-content\/uploads\/2018\/10\/EUCARIST\u00cdA-5.jpg\"><img loading=\"lazy\" decoding=\"async\" class=\"alignleft size-thumbnail wp-image-12360\" src=\"http:\/\/www.colegiomariareina.cl\/web\/wp-content\/uploads\/2018\/10\/EUCARIST\u00cdA-5-150x150.jpg\" alt=\"\" width=\"150\" height=\"150\" srcset=\"https:\/\/colegiomariareina.cl\/2025\/wp-content\/uploads\/2018\/10\/EUCARIST\u00cdA-5-150x150.jpg 150w, https:\/\/colegiomariareina.cl\/2025\/wp-content\/uploads\/2018\/10\/EUCARIST\u00cdA-5-65x65.jpg 65w, https:\/\/colegiomariareina.cl\/2025\/wp-content\/uploads\/2018\/10\/EUCARIST\u00cdA-5-570x570.jpg 570w, https:\/\/colegiomariareina.cl\/2025\/wp-content\/uploads\/2018\/10\/EUCARIST\u00cdA-5-270x270.jpg 270w\" sizes=\"auto, (max-width: 150px) 100vw, 150px\" \/><\/a> <a href=\"http:\/\/www.colegiomariareina.cl\/web\/wp-content\/uploads\/2018\/10\/EUCARIST\u00cdA-6.jpg\"><img loading=\"lazy\" decoding=\"async\" class=\"alignleft size-thumbnail wp-image-12361\" src=\"http:\/\/www.colegiomariareina.cl\/web\/wp-content\/uploads\/2018\/10\/EUCARIST\u00cdA-6-150x150.jpg\" alt=\"\" width=\"150\" height=\"150\" srcset=\"https:\/\/colegiomariareina.cl\/2025\/wp-content\/uploads\/2018\/10\/EUCARIST\u00cdA-6-150x150.jpg 150w, https:\/\/colegiomariareina.cl\/2025\/wp-content\/uploads\/2018\/10\/EUCARIST\u00cdA-6-65x65.jpg 65w, https:\/\/colegiomariareina.cl\/2025\/wp-content\/uploads\/2018\/10\/EUCARIST\u00cdA-6-570x570.jpg 570w, https:\/\/colegiomariareina.cl\/2025\/wp-content\/uploads\/2018\/10\/EUCARIST\u00cdA-6-270x270.jpg 270w\" sizes=\"auto, (max-width: 150px) 100vw, 150px\" \/><\/a><\/p>\n","protected":false},"excerpt":{"rendered":"<p>Esta ma\u00f1ana el 7\u00ba b\u00e1sico B celebr\u00f3 con fe y alegr\u00eda la tradicional Eucarist\u00eda de los d\u00edas mi\u00e9rcoles, ofreciendo a Dios por la unidad como curso para aprender a seguir el camino de Jes\u00fas, por sus familias y por quienes se encuentran delicados de salud.<\/p>\n","protected":false},"author":2,"featured_media":12356,"comment_status":"open","ping_status":"open","sticky":false,"template":"","format":"standard","meta":{"_et_pb_use_builder":"","_et_pb_old_content":"","_et_gb_content_width":"","footnotes":""},"categories":[3],"tags":[],"class_list":["post-12355","post","type-post","status-publish","format-standard","has-post-thumbnail","hentry","category-noticias"],"_links":{"self":[{"href":"https:\/\/colegiomariareina.cl\/2025\/wp-json\/wp\/v2\/posts\/12355","targetHints":{"allow":["GET"]}}],"collection":[{"href":"https:\/\/colegiomariareina.cl\/2025\/wp-json\/wp\/v2\/posts"}],"about":[{"href":"https:\/\/colegiomariareina.cl\/2025\/wp-json\/wp\/v2\/types\/post"}],"author":[{"embeddable":true,"href":"https:\/\/colegiomariareina.cl\/2025\/wp-json\/wp\/v2\/users\/2"}],"replies":[{"embeddable":true,"href":"https:\/\/colegiomariareina.cl\/2025\/wp-json\/wp\/v2\/comments?post=12355"}],"version-history":[{"count":1,"href":"https:\/\/colegiomariareina.cl\/2025\/wp-json\/wp\/v2\/posts\/12355\/revisions"}],"predecessor-version":[{"id":12362,"href":"https:\/\/colegiomariareina.cl\/2025\/wp-json\/wp\/v2\/posts\/12355\/revisions\/12362"}],"wp:featuredmedia":[{"embeddable":true,"href":"https:\/\/colegiomariareina.cl\/2025\/wp-json\/wp\/v2\/media\/12356"}],"wp:attachment":[{"href":"https:\/\/colegiomariareina.cl\/2025\/wp-json\/wp\/v2\/media?parent=12355"}],"wp:term":[{"taxonomy":"category","embeddable":true,"href":"https:\/\/colegiomariareina.cl\/2025\/wp-json\/wp\/v2\/categories?post=12355"},{"taxonomy":"post_tag","embeddable":true,"href":"https:\/\/colegiomariareina.cl\/2025\/wp-json\/wp\/v2\/tags?post=12355"}],"curies":[{"name":"wp","href":"https:\/\/api.w.org\/{rel}","templated":true}]}}