{"id":12372,"date":"2018-10-19T11:52:36","date_gmt":"2018-10-19T11:52:36","guid":{"rendered":"http:\/\/www.colegiomariareina.cl\/web\/?p=12372"},"modified":"2018-10-25T11:58:26","modified_gmt":"2018-10-25T11:58:26","slug":"pre-mision-escolar-19-de-octubre-de-2018","status":"publish","type":"post","link":"https:\/\/colegiomariareina.cl\/2025\/pre-mision-escolar-19-de-octubre-de-2018\/","title":{"rendered":"PRE-MISI\u00d3N ESCOLAR &#8211; 19 DE OCTUBRE DE 2018"},"content":{"rendered":"<p>Esta tarde nuestros j\u00f3venes vivieron la Pre-Misi\u00f3n Escolar, instancia que les sirvi\u00f3 para compartir experiencias, trabajar y conocer a sus equipos, los que durante la pr\u00f3xima semana, estar\u00e1n recorriendo y visitando la comunidad de La Villita.<br \/>\nAdem\u00e1s, esta reuni\u00f3n cont\u00f3 con la presencia de Herminia Morales, qui\u00e9n a trav\u00e9s de entretenidas din\u00e1micas explic\u00f3 de qu\u00e9 se tratan de las misiones escolares y sobre la importancia del trabajo misionero tanto en la formaci\u00f3n de los estudiantes como para nuestra comunidad educativa.<\/p>\n<p><a href=\"http:\/\/www.colegiomariareina.cl\/web\/wp-content\/uploads\/2018\/10\/PRE_MISI\u00d3N-2.jpg\"><img loading=\"lazy\" decoding=\"async\" class=\"alignleft size-thumbnail wp-image-12374\" src=\"http:\/\/www.colegiomariareina.cl\/web\/wp-content\/uploads\/2018\/10\/PRE_MISI\u00d3N-2-150x150.jpg\" alt=\"\" width=\"150\" height=\"150\" srcset=\"https:\/\/colegiomariareina.cl\/2025\/wp-content\/uploads\/2018\/10\/PRE_MISI\u00d3N-2-150x150.jpg 150w, https:\/\/colegiomariareina.cl\/2025\/wp-content\/uploads\/2018\/10\/PRE_MISI\u00d3N-2-65x65.jpg 65w, https:\/\/colegiomariareina.cl\/2025\/wp-content\/uploads\/2018\/10\/PRE_MISI\u00d3N-2-570x570.jpg 570w, https:\/\/colegiomariareina.cl\/2025\/wp-content\/uploads\/2018\/10\/PRE_MISI\u00d3N-2-270x270.jpg 270w\" sizes=\"auto, (max-width: 150px) 100vw, 150px\" \/><\/a> <a href=\"http:\/\/www.colegiomariareina.cl\/web\/wp-content\/uploads\/2018\/10\/PRE_MISI\u00d3N-3.jpg\"><img loading=\"lazy\" decoding=\"async\" class=\"alignleft size-thumbnail wp-image-12375\" src=\"http:\/\/www.colegiomariareina.cl\/web\/wp-content\/uploads\/2018\/10\/PRE_MISI\u00d3N-3-150x150.jpg\" alt=\"\" width=\"150\" height=\"150\" srcset=\"https:\/\/colegiomariareina.cl\/2025\/wp-content\/uploads\/2018\/10\/PRE_MISI\u00d3N-3-150x150.jpg 150w, https:\/\/colegiomariareina.cl\/2025\/wp-content\/uploads\/2018\/10\/PRE_MISI\u00d3N-3-65x65.jpg 65w, https:\/\/colegiomariareina.cl\/2025\/wp-content\/uploads\/2018\/10\/PRE_MISI\u00d3N-3-570x570.jpg 570w, https:\/\/colegiomariareina.cl\/2025\/wp-content\/uploads\/2018\/10\/PRE_MISI\u00d3N-3-270x270.jpg 270w\" sizes=\"auto, (max-width: 150px) 100vw, 150px\" \/><\/a> <a href=\"http:\/\/www.colegiomariareina.cl\/web\/wp-content\/uploads\/2018\/10\/PRE_MISI\u00d3N-11.jpg\"><img loading=\"lazy\" decoding=\"async\" class=\"alignleft size-thumbnail wp-image-12376\" src=\"http:\/\/www.colegiomariareina.cl\/web\/wp-content\/uploads\/2018\/10\/PRE_MISI\u00d3N-11-150x150.jpg\" alt=\"\" width=\"150\" height=\"150\" srcset=\"https:\/\/colegiomariareina.cl\/2025\/wp-content\/uploads\/2018\/10\/PRE_MISI\u00d3N-11-150x150.jpg 150w, https:\/\/colegiomariareina.cl\/2025\/wp-content\/uploads\/2018\/10\/PRE_MISI\u00d3N-11-65x65.jpg 65w, https:\/\/colegiomariareina.cl\/2025\/wp-content\/uploads\/2018\/10\/PRE_MISI\u00d3N-11-570x570.jpg 570w, https:\/\/colegiomariareina.cl\/2025\/wp-content\/uploads\/2018\/10\/PRE_MISI\u00d3N-11-270x270.jpg 270w\" sizes=\"auto, (max-width: 150px) 100vw, 150px\" \/><\/a> <a href=\"http:\/\/www.colegiomariareina.cl\/web\/wp-content\/uploads\/2018\/10\/PRE_MISI\u00d3N-15.jpg\"><img loading=\"lazy\" decoding=\"async\" class=\"alignleft size-thumbnail wp-image-12377\" src=\"http:\/\/www.colegiomariareina.cl\/web\/wp-content\/uploads\/2018\/10\/PRE_MISI\u00d3N-15-150x150.jpg\" alt=\"\" width=\"150\" height=\"150\" srcset=\"https:\/\/colegiomariareina.cl\/2025\/wp-content\/uploads\/2018\/10\/PRE_MISI\u00d3N-15-150x150.jpg 150w, https:\/\/colegiomariareina.cl\/2025\/wp-content\/uploads\/2018\/10\/PRE_MISI\u00d3N-15-65x65.jpg 65w, https:\/\/colegiomariareina.cl\/2025\/wp-content\/uploads\/2018\/10\/PRE_MISI\u00d3N-15-570x570.jpg 570w, https:\/\/colegiomariareina.cl\/2025\/wp-content\/uploads\/2018\/10\/PRE_MISI\u00d3N-15-270x270.jpg 270w\" sizes=\"auto, (max-width: 150px) 100vw, 150px\" \/><\/a> <a href=\"http:\/\/www.colegiomariareina.cl\/web\/wp-content\/uploads\/2018\/10\/PRE_MISI\u00d3N-19.jpg\"><img loading=\"lazy\" decoding=\"async\" class=\"alignleft size-thumbnail wp-image-12378\" src=\"http:\/\/www.colegiomariareina.cl\/web\/wp-content\/uploads\/2018\/10\/PRE_MISI\u00d3N-19-150x150.jpg\" alt=\"\" width=\"150\" height=\"150\" srcset=\"https:\/\/colegiomariareina.cl\/2025\/wp-content\/uploads\/2018\/10\/PRE_MISI\u00d3N-19-150x150.jpg 150w, https:\/\/colegiomariareina.cl\/2025\/wp-content\/uploads\/2018\/10\/PRE_MISI\u00d3N-19-65x65.jpg 65w, https:\/\/colegiomariareina.cl\/2025\/wp-content\/uploads\/2018\/10\/PRE_MISI\u00d3N-19-570x570.jpg 570w, https:\/\/colegiomariareina.cl\/2025\/wp-content\/uploads\/2018\/10\/PRE_MISI\u00d3N-19-270x270.jpg 270w\" sizes=\"auto, (max-width: 150px) 100vw, 150px\" \/><\/a> <a href=\"http:\/\/www.colegiomariareina.cl\/web\/wp-content\/uploads\/2018\/10\/PRE_MISI\u00d3N-21.jpg\"><img loading=\"lazy\" decoding=\"async\" class=\"alignleft size-thumbnail wp-image-12379\" src=\"http:\/\/www.colegiomariareina.cl\/web\/wp-content\/uploads\/2018\/10\/PRE_MISI\u00d3N-21-150x150.jpg\" alt=\"\" width=\"150\" height=\"150\" srcset=\"https:\/\/colegiomariareina.cl\/2025\/wp-content\/uploads\/2018\/10\/PRE_MISI\u00d3N-21-150x150.jpg 150w, https:\/\/colegiomariareina.cl\/2025\/wp-content\/uploads\/2018\/10\/PRE_MISI\u00d3N-21-65x65.jpg 65w, https:\/\/colegiomariareina.cl\/2025\/wp-content\/uploads\/2018\/10\/PRE_MISI\u00d3N-21-570x570.jpg 570w, https:\/\/colegiomariareina.cl\/2025\/wp-content\/uploads\/2018\/10\/PRE_MISI\u00d3N-21-270x270.jpg 270w\" sizes=\"auto, (max-width: 150px) 100vw, 150px\" \/><\/a> <a href=\"http:\/\/www.colegiomariareina.cl\/web\/wp-content\/uploads\/2018\/10\/PRE_MISI\u00d3N-27.jpg\"><img loading=\"lazy\" decoding=\"async\" class=\"alignleft size-thumbnail wp-image-12380\" src=\"http:\/\/www.colegiomariareina.cl\/web\/wp-content\/uploads\/2018\/10\/PRE_MISI\u00d3N-27-150x150.jpg\" alt=\"\" width=\"150\" height=\"150\" srcset=\"https:\/\/colegiomariareina.cl\/2025\/wp-content\/uploads\/2018\/10\/PRE_MISI\u00d3N-27-150x150.jpg 150w, https:\/\/colegiomariareina.cl\/2025\/wp-content\/uploads\/2018\/10\/PRE_MISI\u00d3N-27-65x65.jpg 65w, https:\/\/colegiomariareina.cl\/2025\/wp-content\/uploads\/2018\/10\/PRE_MISI\u00d3N-27-570x570.jpg 570w, https:\/\/colegiomariareina.cl\/2025\/wp-content\/uploads\/2018\/10\/PRE_MISI\u00d3N-27-270x270.jpg 270w\" sizes=\"auto, (max-width: 150px) 100vw, 150px\" \/><\/a><\/p>\n","protected":false},"excerpt":{"rendered":"<p>Esta tarde nuestros j\u00f3venes vivieron la Pre-Misi\u00f3n Escolar, instancia que les sirvi\u00f3 para compartir experiencias, trabajar y conocer a sus equipos, los que durante la pr\u00f3xima semana, estar\u00e1n recorriendo y visitando la comunidad de La Villita. Adem\u00e1s, esta reuni\u00f3n cont\u00f3 con la presencia de Herminia Morales, qui\u00e9n a trav\u00e9s de entretenidas din\u00e1micas explic\u00f3 de qu\u00e9 [&hellip;]<\/p>\n","protected":false},"author":2,"featured_media":12373,"comment_status":"open","ping_status":"open","sticky":false,"template":"","format":"standard","meta":{"_et_pb_use_builder":"","_et_pb_old_content":"","_et_gb_content_width":"","footnotes":""},"categories":[3],"tags":[],"class_list":["post-12372","post","type-post","status-publish","format-standard","has-post-thumbnail","hentry","category-noticias"],"_links":{"self":[{"href":"https:\/\/colegiomariareina.cl\/2025\/wp-json\/wp\/v2\/posts\/12372","targetHints":{"allow":["GET"]}}],"collection":[{"href":"https:\/\/colegiomariareina.cl\/2025\/wp-json\/wp\/v2\/posts"}],"about":[{"href":"https:\/\/colegiomariareina.cl\/2025\/wp-json\/wp\/v2\/types\/post"}],"author":[{"embeddable":true,"href":"https:\/\/colegiomariareina.cl\/2025\/wp-json\/wp\/v2\/users\/2"}],"replies":[{"embeddable":true,"href":"https:\/\/colegiomariareina.cl\/2025\/wp-json\/wp\/v2\/comments?post=12372"}],"version-history":[{"count":1,"href":"https:\/\/colegiomariareina.cl\/2025\/wp-json\/wp\/v2\/posts\/12372\/revisions"}],"predecessor-version":[{"id":12381,"href":"https:\/\/colegiomariareina.cl\/2025\/wp-json\/wp\/v2\/posts\/12372\/revisions\/12381"}],"wp:featuredmedia":[{"embeddable":true,"href":"https:\/\/colegiomariareina.cl\/2025\/wp-json\/wp\/v2\/media\/12373"}],"wp:attachment":[{"href":"https:\/\/colegiomariareina.cl\/2025\/wp-json\/wp\/v2\/media?parent=12372"}],"wp:term":[{"taxonomy":"category","embeddable":true,"href":"https:\/\/colegiomariareina.cl\/2025\/wp-json\/wp\/v2\/categories?post=12372"},{"taxonomy":"post_tag","embeddable":true,"href":"https:\/\/colegiomariareina.cl\/2025\/wp-json\/wp\/v2\/tags?post=12372"}],"curies":[{"name":"wp","href":"https:\/\/api.w.org\/{rel}","templated":true}]}}