{"id":12382,"date":"2018-10-22T12:00:40","date_gmt":"2018-10-22T12:00:40","guid":{"rendered":"http:\/\/www.colegiomariareina.cl\/web\/?p=12382"},"modified":"2018-10-25T12:47:43","modified_gmt":"2018-10-25T12:47:43","slug":"misa-de-envio-mision-escolar-2018-22-de-octubre-de-2018","status":"publish","type":"post","link":"https:\/\/colegiomariareina.cl\/2025\/misa-de-envio-mision-escolar-2018-22-de-octubre-de-2018\/","title":{"rendered":"MISA DE ENV\u00cdO MISI\u00d3N ESCOLAR 2018 &#8211; 22 DE OCTUBRE DE 2018"},"content":{"rendered":"<h5>Esta tarde los j\u00f3venes misioneros de nuestro colegio, celebraron la Eucarist\u00eda con la presencia del Padre Erasmo, dando inicio a esta semana de\u00a0<span class=\"_5afx\"><span class=\"_58cm\">Misi\u00f3n Escolar 2018<\/span><\/span>.<br \/>\nEn esta Eucarist\u00eda, las distintas comunidades recibieron su cruz misionera, como s\u00edmbolo de esperanza y unidad.<br \/>\nMa\u00f1ana durante la tarde, nuestros misioneros estar\u00e1n recorriendo el sector de La Villita buscando la acogida, amistad y fraternidad como hermanos en Cristo.<\/h5>\n<p><a href=\"http:\/\/www.colegiomariareina.cl\/web\/wp-content\/uploads\/2018\/10\/MISA_ENVIO-4.jpg\"><img loading=\"lazy\" decoding=\"async\" class=\"alignleft size-thumbnail wp-image-12387\" src=\"http:\/\/www.colegiomariareina.cl\/web\/wp-content\/uploads\/2018\/10\/MISA_ENVIO-17-150x150.jpg\" alt=\"\" width=\"150\" height=\"150\" srcset=\"https:\/\/colegiomariareina.cl\/2025\/wp-content\/uploads\/2018\/10\/MISA_ENVIO-17-150x150.jpg 150w, https:\/\/colegiomariareina.cl\/2025\/wp-content\/uploads\/2018\/10\/MISA_ENVIO-17-65x65.jpg 65w, https:\/\/colegiomariareina.cl\/2025\/wp-content\/uploads\/2018\/10\/MISA_ENVIO-17-570x570.jpg 570w, https:\/\/colegiomariareina.cl\/2025\/wp-content\/uploads\/2018\/10\/MISA_ENVIO-17-270x270.jpg 270w\" sizes=\"auto, (max-width: 150px) 100vw, 150px\" \/><img loading=\"lazy\" decoding=\"async\" class=\"alignleft size-thumbnail wp-image-12388\" src=\"http:\/\/www.colegiomariareina.cl\/web\/wp-content\/uploads\/2018\/10\/MISA_ENVIO-20-150x150.jpg\" alt=\"\" width=\"150\" height=\"150\" srcset=\"https:\/\/colegiomariareina.cl\/2025\/wp-content\/uploads\/2018\/10\/MISA_ENVIO-20-150x150.jpg 150w, https:\/\/colegiomariareina.cl\/2025\/wp-content\/uploads\/2018\/10\/MISA_ENVIO-20-65x65.jpg 65w, https:\/\/colegiomariareina.cl\/2025\/wp-content\/uploads\/2018\/10\/MISA_ENVIO-20-570x570.jpg 570w, https:\/\/colegiomariareina.cl\/2025\/wp-content\/uploads\/2018\/10\/MISA_ENVIO-20-270x270.jpg 270w\" sizes=\"auto, (max-width: 150px) 100vw, 150px\" \/><img loading=\"lazy\" decoding=\"async\" class=\"alignleft size-thumbnail wp-image-12384\" src=\"http:\/\/www.colegiomariareina.cl\/web\/wp-content\/uploads\/2018\/10\/MISA_ENVIO-4-150x150.jpg\" alt=\"\" width=\"150\" height=\"150\" srcset=\"https:\/\/colegiomariareina.cl\/2025\/wp-content\/uploads\/2018\/10\/MISA_ENVIO-4-150x150.jpg 150w, https:\/\/colegiomariareina.cl\/2025\/wp-content\/uploads\/2018\/10\/MISA_ENVIO-4-65x65.jpg 65w, https:\/\/colegiomariareina.cl\/2025\/wp-content\/uploads\/2018\/10\/MISA_ENVIO-4-570x570.jpg 570w, https:\/\/colegiomariareina.cl\/2025\/wp-content\/uploads\/2018\/10\/MISA_ENVIO-4-270x270.jpg 270w\" sizes=\"auto, (max-width: 150px) 100vw, 150px\" \/><\/a> <a href=\"http:\/\/www.colegiomariareina.cl\/web\/wp-content\/uploads\/2018\/10\/MISA_ENVIO-9.jpg\"><img loading=\"lazy\" decoding=\"async\" class=\"alignleft size-thumbnail wp-image-12385\" src=\"http:\/\/www.colegiomariareina.cl\/web\/wp-content\/uploads\/2018\/10\/MISA_ENVIO-9-150x150.jpg\" alt=\"\" width=\"150\" height=\"150\" srcset=\"https:\/\/colegiomariareina.cl\/2025\/wp-content\/uploads\/2018\/10\/MISA_ENVIO-9-150x150.jpg 150w, https:\/\/colegiomariareina.cl\/2025\/wp-content\/uploads\/2018\/10\/MISA_ENVIO-9-65x65.jpg 65w, https:\/\/colegiomariareina.cl\/2025\/wp-content\/uploads\/2018\/10\/MISA_ENVIO-9-570x570.jpg 570w, https:\/\/colegiomariareina.cl\/2025\/wp-content\/uploads\/2018\/10\/MISA_ENVIO-9-270x270.jpg 270w\" sizes=\"auto, (max-width: 150px) 100vw, 150px\" \/><\/a> <a href=\"http:\/\/www.colegiomariareina.cl\/web\/wp-content\/uploads\/2018\/10\/MISA_ENVIO-11.jpg\"><img loading=\"lazy\" decoding=\"async\" class=\"alignleft size-thumbnail wp-image-12386\" src=\"http:\/\/www.colegiomariareina.cl\/web\/wp-content\/uploads\/2018\/10\/MISA_ENVIO-11-150x150.jpg\" alt=\"\" width=\"150\" height=\"150\" srcset=\"https:\/\/colegiomariareina.cl\/2025\/wp-content\/uploads\/2018\/10\/MISA_ENVIO-11-150x150.jpg 150w, https:\/\/colegiomariareina.cl\/2025\/wp-content\/uploads\/2018\/10\/MISA_ENVIO-11-65x65.jpg 65w, https:\/\/colegiomariareina.cl\/2025\/wp-content\/uploads\/2018\/10\/MISA_ENVIO-11-570x570.jpg 570w, https:\/\/colegiomariareina.cl\/2025\/wp-content\/uploads\/2018\/10\/MISA_ENVIO-11-270x270.jpg 270w\" sizes=\"auto, (max-width: 150px) 100vw, 150px\" \/><\/a><a href=\"http:\/\/www.colegiomariareina.cl\/web\/wp-content\/uploads\/2018\/10\/MISA_ENVIO-22.jpg\"><img loading=\"lazy\" decoding=\"async\" class=\"alignleft size-thumbnail wp-image-12389\" src=\"http:\/\/www.colegiomariareina.cl\/web\/wp-content\/uploads\/2018\/10\/MISA_ENVIO-22-150x150.jpg\" alt=\"\" width=\"150\" height=\"150\" srcset=\"https:\/\/colegiomariareina.cl\/2025\/wp-content\/uploads\/2018\/10\/MISA_ENVIO-22-150x150.jpg 150w, https:\/\/colegiomariareina.cl\/2025\/wp-content\/uploads\/2018\/10\/MISA_ENVIO-22-65x65.jpg 65w, https:\/\/colegiomariareina.cl\/2025\/wp-content\/uploads\/2018\/10\/MISA_ENVIO-22-570x570.jpg 570w, https:\/\/colegiomariareina.cl\/2025\/wp-content\/uploads\/2018\/10\/MISA_ENVIO-22-270x270.jpg 270w\" sizes=\"auto, (max-width: 150px) 100vw, 150px\" \/><\/a> <a href=\"http:\/\/www.colegiomariareina.cl\/web\/wp-content\/uploads\/2018\/10\/MISA_ENVIO-25.jpg\"><img loading=\"lazy\" decoding=\"async\" class=\"alignleft size-thumbnail wp-image-12390\" src=\"http:\/\/www.colegiomariareina.cl\/web\/wp-content\/uploads\/2018\/10\/MISA_ENVIO-25-150x150.jpg\" alt=\"\" width=\"150\" height=\"150\" srcset=\"https:\/\/colegiomariareina.cl\/2025\/wp-content\/uploads\/2018\/10\/MISA_ENVIO-25-150x150.jpg 150w, https:\/\/colegiomariareina.cl\/2025\/wp-content\/uploads\/2018\/10\/MISA_ENVIO-25-65x65.jpg 65w, https:\/\/colegiomariareina.cl\/2025\/wp-content\/uploads\/2018\/10\/MISA_ENVIO-25-570x570.jpg 570w, https:\/\/colegiomariareina.cl\/2025\/wp-content\/uploads\/2018\/10\/MISA_ENVIO-25-270x270.jpg 270w\" sizes=\"auto, (max-width: 150px) 100vw, 150px\" \/><\/a><\/p>\n<p>&nbsp;<\/p>\n","protected":false},"excerpt":{"rendered":"<p>Esta tarde los j\u00f3venes misioneros de nuestro colegio, celebraron la Eucarist\u00eda con la presencia del Padre Erasmo, dando inicio a esta semana de\u00a0Misi\u00f3n Escolar 2018. En esta Eucarist\u00eda, las distintas comunidades recibieron su cruz misionera, como s\u00edmbolo de esperanza y unidad. Ma\u00f1ana durante la tarde, nuestros misioneros estar\u00e1n recorriendo el sector de La Villita buscando [&hellip;]<\/p>\n","protected":false},"author":2,"featured_media":12383,"comment_status":"open","ping_status":"open","sticky":false,"template":"","format":"standard","meta":{"_et_pb_use_builder":"","_et_pb_old_content":"","_et_gb_content_width":"","footnotes":""},"categories":[3],"tags":[],"class_list":["post-12382","post","type-post","status-publish","format-standard","has-post-thumbnail","hentry","category-noticias"],"_links":{"self":[{"href":"https:\/\/colegiomariareina.cl\/2025\/wp-json\/wp\/v2\/posts\/12382","targetHints":{"allow":["GET"]}}],"collection":[{"href":"https:\/\/colegiomariareina.cl\/2025\/wp-json\/wp\/v2\/posts"}],"about":[{"href":"https:\/\/colegiomariareina.cl\/2025\/wp-json\/wp\/v2\/types\/post"}],"author":[{"embeddable":true,"href":"https:\/\/colegiomariareina.cl\/2025\/wp-json\/wp\/v2\/users\/2"}],"replies":[{"embeddable":true,"href":"https:\/\/colegiomariareina.cl\/2025\/wp-json\/wp\/v2\/comments?post=12382"}],"version-history":[{"count":1,"href":"https:\/\/colegiomariareina.cl\/2025\/wp-json\/wp\/v2\/posts\/12382\/revisions"}],"predecessor-version":[{"id":12391,"href":"https:\/\/colegiomariareina.cl\/2025\/wp-json\/wp\/v2\/posts\/12382\/revisions\/12391"}],"wp:featuredmedia":[{"embeddable":true,"href":"https:\/\/colegiomariareina.cl\/2025\/wp-json\/wp\/v2\/media\/12383"}],"wp:attachment":[{"href":"https:\/\/colegiomariareina.cl\/2025\/wp-json\/wp\/v2\/media?parent=12382"}],"wp:term":[{"taxonomy":"category","embeddable":true,"href":"https:\/\/colegiomariareina.cl\/2025\/wp-json\/wp\/v2\/categories?post=12382"},{"taxonomy":"post_tag","embeddable":true,"href":"https:\/\/colegiomariareina.cl\/2025\/wp-json\/wp\/v2\/tags?post=12382"}],"curies":[{"name":"wp","href":"https:\/\/api.w.org\/{rel}","templated":true}]}}