{"id":12411,"date":"2018-10-21T14:19:06","date_gmt":"2018-10-21T14:19:06","guid":{"rendered":"http:\/\/www.colegiomariareina.cl\/web\/?p=12411"},"modified":"2018-10-25T14:21:02","modified_gmt":"2018-10-25T14:21:02","slug":"dia-universal-de-las-misiones-21-de-octubre-de-2018","status":"publish","type":"post","link":"https:\/\/colegiomariareina.cl\/2025\/dia-universal-de-las-misiones-21-de-octubre-de-2018\/","title":{"rendered":"D\u00cdA  UNIVERSAL DE LAS MISIONES &#8211; 21 DE OCTUBRE DE 2018"},"content":{"rendered":"<h5>El pasado domingo, nuestra Infancia Misionera, padres, apoderados y tutores, celebraron el D\u00eda Universal de las Misiones en El Monte, instancia donde los ni\u00f1os y ni\u00f1as pudieron compartir nuestro carisma, participando con mucho entusiasmo en cada una de las actividades.<\/h5>\n","protected":false},"excerpt":{"rendered":"<p>El pasado domingo, nuestra Infancia Misionera, padres, apoderados y tutores, celebraron el D\u00eda Universal de las Misiones en El Monte, instancia donde los ni\u00f1os y ni\u00f1as pudieron compartir nuestro carisma, participando con mucho entusiasmo en cada una de las actividades.<\/p>\n","protected":false},"author":2,"featured_media":12412,"comment_status":"open","ping_status":"open","sticky":false,"template":"","format":"standard","meta":{"_et_pb_use_builder":"","_et_pb_old_content":"","_et_gb_content_width":"","footnotes":""},"categories":[3],"tags":[],"class_list":["post-12411","post","type-post","status-publish","format-standard","has-post-thumbnail","hentry","category-noticias"],"_links":{"self":[{"href":"https:\/\/colegiomariareina.cl\/2025\/wp-json\/wp\/v2\/posts\/12411","targetHints":{"allow":["GET"]}}],"collection":[{"href":"https:\/\/colegiomariareina.cl\/2025\/wp-json\/wp\/v2\/posts"}],"about":[{"href":"https:\/\/colegiomariareina.cl\/2025\/wp-json\/wp\/v2\/types\/post"}],"author":[{"embeddable":true,"href":"https:\/\/colegiomariareina.cl\/2025\/wp-json\/wp\/v2\/users\/2"}],"replies":[{"embeddable":true,"href":"https:\/\/colegiomariareina.cl\/2025\/wp-json\/wp\/v2\/comments?post=12411"}],"version-history":[{"count":1,"href":"https:\/\/colegiomariareina.cl\/2025\/wp-json\/wp\/v2\/posts\/12411\/revisions"}],"predecessor-version":[{"id":12413,"href":"https:\/\/colegiomariareina.cl\/2025\/wp-json\/wp\/v2\/posts\/12411\/revisions\/12413"}],"wp:featuredmedia":[{"embeddable":true,"href":"https:\/\/colegiomariareina.cl\/2025\/wp-json\/wp\/v2\/media\/12412"}],"wp:attachment":[{"href":"https:\/\/colegiomariareina.cl\/2025\/wp-json\/wp\/v2\/media?parent=12411"}],"wp:term":[{"taxonomy":"category","embeddable":true,"href":"https:\/\/colegiomariareina.cl\/2025\/wp-json\/wp\/v2\/categories?post=12411"},{"taxonomy":"post_tag","embeddable":true,"href":"https:\/\/colegiomariareina.cl\/2025\/wp-json\/wp\/v2\/tags?post=12411"}],"curies":[{"name":"wp","href":"https:\/\/api.w.org\/{rel}","templated":true}]}}