{"id":12422,"date":"2018-10-24T22:27:28","date_gmt":"2018-10-24T22:27:28","guid":{"rendered":"http:\/\/www.colegiomariareina.cl\/web\/?p=12422"},"modified":"2018-10-25T14:34:16","modified_gmt":"2018-10-25T14:34:16","slug":"intervencion-ecologica-mision-escolar-2018-24-de-octubre-de-2018","status":"publish","type":"post","link":"https:\/\/colegiomariareina.cl\/2025\/intervencion-ecologica-mision-escolar-2018-24-de-octubre-de-2018\/","title":{"rendered":"INTERVENCI\u00d3N ECOL\u00d3GICA MISI\u00d3N ESCOLAR 2018 &#8211; 24 DE OCTUBRE DE 2018"},"content":{"rendered":"<h5>Hoy en la segunda jornada de\u00a0<span class=\"_5afx\"><span class=\"_58cm\">Misi\u00f3n Escolar 2018<\/span><\/span>, las distintas comunidades misioneras acompa\u00f1adas de los profesores y directivos de nuestra comunidad educativa realizaron una intervenci\u00f3n ecol\u00f3gica en la ribera del R\u00edo Maipo, en el sector de La Villita.<\/h5>\n<h5>Con el entusiasmo de aportar en la recuperaci\u00f3n de un espacio al aire libre que nos pertenece a todas y todos los isle\u00f1os, nuestros j\u00f3venes recogieron una gran cantidad de residuos como escombros, pl\u00e1stico, cart\u00f3n, etc.<\/h5>\n<h5>Lament<span class=\"text_exposed_show\">amos el actual estado de la ribera de nuestro r\u00edo, la que por malas pr\u00e1cticas de algunos inescrupulosos, que se dan el lujo de contaminar, se ve afectado el ecosistema y perjudica la calidad de vida de los vecinos del sector.<\/span><\/h5>\n<div class=\"text_exposed_show\">\n<h5>Por \u00faltimo, la comunidad CMRI quiere agradecer al Municipio de Isla de Maipo a trav\u00e9s de su alcalde\u00a0Carlos Adasme Godoy\u00a0por la colaboraci\u00f3n entregada en cuanto utensilios de seguridad, camiones recolectores y en especial a los funcionarios del Departamento de Aseo y Ornato que nos acompa\u00f1aron en esta misi\u00f3n ecol\u00f3gica.<\/h5>\n<\/div>\n<p><a href=\"http:\/\/www.colegiomariareina.cl\/web\/wp-content\/uploads\/2018\/10\/MISI\u00d3N-ECOL\u00d3GICA-2.jpg\"><img loading=\"lazy\" decoding=\"async\" class=\"alignleft size-thumbnail wp-image-12424\" src=\"http:\/\/www.colegiomariareina.cl\/web\/wp-content\/uploads\/2018\/10\/MISI\u00d3N-ECOL\u00d3GICA-2-150x150.jpg\" alt=\"\" width=\"150\" height=\"150\" srcset=\"https:\/\/colegiomariareina.cl\/2025\/wp-content\/uploads\/2018\/10\/MISI\u00d3N-ECOL\u00d3GICA-2-150x150.jpg 150w, https:\/\/colegiomariareina.cl\/2025\/wp-content\/uploads\/2018\/10\/MISI\u00d3N-ECOL\u00d3GICA-2-65x65.jpg 65w, https:\/\/colegiomariareina.cl\/2025\/wp-content\/uploads\/2018\/10\/MISI\u00d3N-ECOL\u00d3GICA-2-570x570.jpg 570w, https:\/\/colegiomariareina.cl\/2025\/wp-content\/uploads\/2018\/10\/MISI\u00d3N-ECOL\u00d3GICA-2-270x270.jpg 270w\" sizes=\"auto, (max-width: 150px) 100vw, 150px\" \/><\/a> <a href=\"http:\/\/www.colegiomariareina.cl\/web\/wp-content\/uploads\/2018\/10\/MISI\u00d3N-ECOL\u00d3GICA-3.jpg\"><img loading=\"lazy\" decoding=\"async\" class=\"alignleft size-thumbnail wp-image-12425\" src=\"http:\/\/www.colegiomariareina.cl\/web\/wp-content\/uploads\/2018\/10\/MISI\u00d3N-ECOL\u00d3GICA-3-150x150.jpg\" alt=\"\" width=\"150\" height=\"150\" srcset=\"https:\/\/colegiomariareina.cl\/2025\/wp-content\/uploads\/2018\/10\/MISI\u00d3N-ECOL\u00d3GICA-3-150x150.jpg 150w, https:\/\/colegiomariareina.cl\/2025\/wp-content\/uploads\/2018\/10\/MISI\u00d3N-ECOL\u00d3GICA-3-65x65.jpg 65w, https:\/\/colegiomariareina.cl\/2025\/wp-content\/uploads\/2018\/10\/MISI\u00d3N-ECOL\u00d3GICA-3-570x570.jpg 570w, https:\/\/colegiomariareina.cl\/2025\/wp-content\/uploads\/2018\/10\/MISI\u00d3N-ECOL\u00d3GICA-3-270x270.jpg 270w\" sizes=\"auto, (max-width: 150px) 100vw, 150px\" \/><\/a> <a href=\"http:\/\/www.colegiomariareina.cl\/web\/wp-content\/uploads\/2018\/10\/MISI\u00d3N-ECOL\u00d3GICA-5.jpg\"><img loading=\"lazy\" decoding=\"async\" class=\"alignleft size-thumbnail wp-image-12426\" src=\"http:\/\/www.colegiomariareina.cl\/web\/wp-content\/uploads\/2018\/10\/MISI\u00d3N-ECOL\u00d3GICA-5-150x150.jpg\" alt=\"\" width=\"150\" height=\"150\" srcset=\"https:\/\/colegiomariareina.cl\/2025\/wp-content\/uploads\/2018\/10\/MISI\u00d3N-ECOL\u00d3GICA-5-150x150.jpg 150w, https:\/\/colegiomariareina.cl\/2025\/wp-content\/uploads\/2018\/10\/MISI\u00d3N-ECOL\u00d3GICA-5-65x65.jpg 65w, https:\/\/colegiomariareina.cl\/2025\/wp-content\/uploads\/2018\/10\/MISI\u00d3N-ECOL\u00d3GICA-5-570x570.jpg 570w, https:\/\/colegiomariareina.cl\/2025\/wp-content\/uploads\/2018\/10\/MISI\u00d3N-ECOL\u00d3GICA-5-270x270.jpg 270w\" sizes=\"auto, (max-width: 150px) 100vw, 150px\" \/><\/a> <a href=\"http:\/\/www.colegiomariareina.cl\/web\/wp-content\/uploads\/2018\/10\/MISI\u00d3N-ECOL\u00d3GICA-7.jpg\"><img loading=\"lazy\" decoding=\"async\" class=\"alignleft size-thumbnail wp-image-12427\" src=\"http:\/\/www.colegiomariareina.cl\/web\/wp-content\/uploads\/2018\/10\/MISI\u00d3N-ECOL\u00d3GICA-7-150x150.jpg\" alt=\"\" width=\"150\" height=\"150\" srcset=\"https:\/\/colegiomariareina.cl\/2025\/wp-content\/uploads\/2018\/10\/MISI\u00d3N-ECOL\u00d3GICA-7-150x150.jpg 150w, https:\/\/colegiomariareina.cl\/2025\/wp-content\/uploads\/2018\/10\/MISI\u00d3N-ECOL\u00d3GICA-7-65x65.jpg 65w, https:\/\/colegiomariareina.cl\/2025\/wp-content\/uploads\/2018\/10\/MISI\u00d3N-ECOL\u00d3GICA-7-570x570.jpg 570w, https:\/\/colegiomariareina.cl\/2025\/wp-content\/uploads\/2018\/10\/MISI\u00d3N-ECOL\u00d3GICA-7-270x270.jpg 270w\" sizes=\"auto, (max-width: 150px) 100vw, 150px\" \/><\/a> <a href=\"http:\/\/www.colegiomariareina.cl\/web\/wp-content\/uploads\/2018\/10\/MISI\u00d3N-ECOL\u00d3GICA-9.jpg\"><img loading=\"lazy\" decoding=\"async\" class=\"alignleft size-thumbnail wp-image-12428\" src=\"http:\/\/www.colegiomariareina.cl\/web\/wp-content\/uploads\/2018\/10\/MISI\u00d3N-ECOL\u00d3GICA-9-150x150.jpg\" alt=\"\" width=\"150\" height=\"150\" srcset=\"https:\/\/colegiomariareina.cl\/2025\/wp-content\/uploads\/2018\/10\/MISI\u00d3N-ECOL\u00d3GICA-9-150x150.jpg 150w, https:\/\/colegiomariareina.cl\/2025\/wp-content\/uploads\/2018\/10\/MISI\u00d3N-ECOL\u00d3GICA-9-65x65.jpg 65w, https:\/\/colegiomariareina.cl\/2025\/wp-content\/uploads\/2018\/10\/MISI\u00d3N-ECOL\u00d3GICA-9-570x570.jpg 570w, https:\/\/colegiomariareina.cl\/2025\/wp-content\/uploads\/2018\/10\/MISI\u00d3N-ECOL\u00d3GICA-9-270x270.jpg 270w\" sizes=\"auto, (max-width: 150px) 100vw, 150px\" \/><\/a> <a href=\"http:\/\/www.colegiomariareina.cl\/web\/wp-content\/uploads\/2018\/10\/MISI\u00d3N-ECOL\u00d3GICA-13.jpg\"><img loading=\"lazy\" decoding=\"async\" class=\"alignleft size-thumbnail wp-image-12429\" src=\"http:\/\/www.colegiomariareina.cl\/web\/wp-content\/uploads\/2018\/10\/MISI\u00d3N-ECOL\u00d3GICA-13-150x150.jpg\" alt=\"\" width=\"150\" height=\"150\" srcset=\"https:\/\/colegiomariareina.cl\/2025\/wp-content\/uploads\/2018\/10\/MISI\u00d3N-ECOL\u00d3GICA-13-150x150.jpg 150w, https:\/\/colegiomariareina.cl\/2025\/wp-content\/uploads\/2018\/10\/MISI\u00d3N-ECOL\u00d3GICA-13-65x65.jpg 65w, https:\/\/colegiomariareina.cl\/2025\/wp-content\/uploads\/2018\/10\/MISI\u00d3N-ECOL\u00d3GICA-13-570x570.jpg 570w, https:\/\/colegiomariareina.cl\/2025\/wp-content\/uploads\/2018\/10\/MISI\u00d3N-ECOL\u00d3GICA-13-270x270.jpg 270w\" sizes=\"auto, (max-width: 150px) 100vw, 150px\" \/><\/a> <a href=\"http:\/\/www.colegiomariareina.cl\/web\/wp-content\/uploads\/2018\/10\/MISI\u00d3N-ECOL\u00d3GICA-17.jpg\"><img loading=\"lazy\" decoding=\"async\" class=\"alignleft size-thumbnail wp-image-12430\" src=\"http:\/\/www.colegiomariareina.cl\/web\/wp-content\/uploads\/2018\/10\/MISI\u00d3N-ECOL\u00d3GICA-17-150x150.jpg\" alt=\"\" width=\"150\" height=\"150\" srcset=\"https:\/\/colegiomariareina.cl\/2025\/wp-content\/uploads\/2018\/10\/MISI\u00d3N-ECOL\u00d3GICA-17-150x150.jpg 150w, https:\/\/colegiomariareina.cl\/2025\/wp-content\/uploads\/2018\/10\/MISI\u00d3N-ECOL\u00d3GICA-17-65x65.jpg 65w, https:\/\/colegiomariareina.cl\/2025\/wp-content\/uploads\/2018\/10\/MISI\u00d3N-ECOL\u00d3GICA-17-570x570.jpg 570w, https:\/\/colegiomariareina.cl\/2025\/wp-content\/uploads\/2018\/10\/MISI\u00d3N-ECOL\u00d3GICA-17-270x270.jpg 270w\" sizes=\"auto, (max-width: 150px) 100vw, 150px\" \/><\/a> <a href=\"http:\/\/www.colegiomariareina.cl\/web\/wp-content\/uploads\/2018\/10\/MISI\u00d3N-ECOL\u00d3GICA-27.jpg\"><img loading=\"lazy\" decoding=\"async\" class=\"alignleft size-thumbnail wp-image-12431\" src=\"http:\/\/www.colegiomariareina.cl\/web\/wp-content\/uploads\/2018\/10\/MISI\u00d3N-ECOL\u00d3GICA-27-150x150.jpg\" alt=\"\" width=\"150\" height=\"150\" srcset=\"https:\/\/colegiomariareina.cl\/2025\/wp-content\/uploads\/2018\/10\/MISI\u00d3N-ECOL\u00d3GICA-27-150x150.jpg 150w, https:\/\/colegiomariareina.cl\/2025\/wp-content\/uploads\/2018\/10\/MISI\u00d3N-ECOL\u00d3GICA-27-65x65.jpg 65w, https:\/\/colegiomariareina.cl\/2025\/wp-content\/uploads\/2018\/10\/MISI\u00d3N-ECOL\u00d3GICA-27-570x570.jpg 570w, https:\/\/colegiomariareina.cl\/2025\/wp-content\/uploads\/2018\/10\/MISI\u00d3N-ECOL\u00d3GICA-27-270x270.jpg 270w\" sizes=\"auto, (max-width: 150px) 100vw, 150px\" \/><\/a> <a href=\"http:\/\/www.colegiomariareina.cl\/web\/wp-content\/uploads\/2018\/10\/MISI\u00d3N-ECOL\u00d3GICA-28.jpg\"><img loading=\"lazy\" decoding=\"async\" class=\"alignleft size-thumbnail wp-image-12432\" src=\"http:\/\/www.colegiomariareina.cl\/web\/wp-content\/uploads\/2018\/10\/MISI\u00d3N-ECOL\u00d3GICA-28-150x150.jpg\" alt=\"\" width=\"150\" height=\"150\" srcset=\"https:\/\/colegiomariareina.cl\/2025\/wp-content\/uploads\/2018\/10\/MISI\u00d3N-ECOL\u00d3GICA-28-150x150.jpg 150w, https:\/\/colegiomariareina.cl\/2025\/wp-content\/uploads\/2018\/10\/MISI\u00d3N-ECOL\u00d3GICA-28-65x65.jpg 65w, https:\/\/colegiomariareina.cl\/2025\/wp-content\/uploads\/2018\/10\/MISI\u00d3N-ECOL\u00d3GICA-28-570x570.jpg 570w, https:\/\/colegiomariareina.cl\/2025\/wp-content\/uploads\/2018\/10\/MISI\u00d3N-ECOL\u00d3GICA-28-270x270.jpg 270w\" sizes=\"auto, (max-width: 150px) 100vw, 150px\" \/><\/a> <a href=\"http:\/\/www.colegiomariareina.cl\/web\/wp-content\/uploads\/2018\/10\/MISI\u00d3N-ECOL\u00d3GICA-33.jpg\"><img loading=\"lazy\" decoding=\"async\" class=\"alignleft size-thumbnail wp-image-12433\" src=\"http:\/\/www.colegiomariareina.cl\/web\/wp-content\/uploads\/2018\/10\/MISI\u00d3N-ECOL\u00d3GICA-33-150x150.jpg\" alt=\"\" width=\"150\" height=\"150\" srcset=\"https:\/\/colegiomariareina.cl\/2025\/wp-content\/uploads\/2018\/10\/MISI\u00d3N-ECOL\u00d3GICA-33-150x150.jpg 150w, https:\/\/colegiomariareina.cl\/2025\/wp-content\/uploads\/2018\/10\/MISI\u00d3N-ECOL\u00d3GICA-33-65x65.jpg 65w, https:\/\/colegiomariareina.cl\/2025\/wp-content\/uploads\/2018\/10\/MISI\u00d3N-ECOL\u00d3GICA-33-570x570.jpg 570w, https:\/\/colegiomariareina.cl\/2025\/wp-content\/uploads\/2018\/10\/MISI\u00d3N-ECOL\u00d3GICA-33-270x270.jpg 270w\" sizes=\"auto, (max-width: 150px) 100vw, 150px\" \/><\/a><\/p>\n<div class=\"text_exposed_show\">\n<p>&nbsp;<\/p>\n<p>&nbsp;<\/p>\n<\/div>\n","protected":false},"excerpt":{"rendered":"<p>Hoy en la segunda jornada de\u00a0Misi\u00f3n Escolar 2018, las distintas comunidades misioneras acompa\u00f1adas de los profesores y directivos de nuestra comunidad educativa realizaron una intervenci\u00f3n ecol\u00f3gica en la ribera del R\u00edo Maipo, en el sector de La Villita. Con el entusiasmo de aportar en la recuperaci\u00f3n de un espacio al aire libre que nos pertenece [&hellip;]<\/p>\n","protected":false},"author":2,"featured_media":12423,"comment_status":"open","ping_status":"open","sticky":false,"template":"","format":"standard","meta":{"_et_pb_use_builder":"","_et_pb_old_content":"","_et_gb_content_width":"","footnotes":""},"categories":[3],"tags":[],"class_list":["post-12422","post","type-post","status-publish","format-standard","has-post-thumbnail","hentry","category-noticias"],"_links":{"self":[{"href":"https:\/\/colegiomariareina.cl\/2025\/wp-json\/wp\/v2\/posts\/12422","targetHints":{"allow":["GET"]}}],"collection":[{"href":"https:\/\/colegiomariareina.cl\/2025\/wp-json\/wp\/v2\/posts"}],"about":[{"href":"https:\/\/colegiomariareina.cl\/2025\/wp-json\/wp\/v2\/types\/post"}],"author":[{"embeddable":true,"href":"https:\/\/colegiomariareina.cl\/2025\/wp-json\/wp\/v2\/users\/2"}],"replies":[{"embeddable":true,"href":"https:\/\/colegiomariareina.cl\/2025\/wp-json\/wp\/v2\/comments?post=12422"}],"version-history":[{"count":1,"href":"https:\/\/colegiomariareina.cl\/2025\/wp-json\/wp\/v2\/posts\/12422\/revisions"}],"predecessor-version":[{"id":12434,"href":"https:\/\/colegiomariareina.cl\/2025\/wp-json\/wp\/v2\/posts\/12422\/revisions\/12434"}],"wp:featuredmedia":[{"embeddable":true,"href":"https:\/\/colegiomariareina.cl\/2025\/wp-json\/wp\/v2\/media\/12423"}],"wp:attachment":[{"href":"https:\/\/colegiomariareina.cl\/2025\/wp-json\/wp\/v2\/media?parent=12422"}],"wp:term":[{"taxonomy":"category","embeddable":true,"href":"https:\/\/colegiomariareina.cl\/2025\/wp-json\/wp\/v2\/categories?post=12422"},{"taxonomy":"post_tag","embeddable":true,"href":"https:\/\/colegiomariareina.cl\/2025\/wp-json\/wp\/v2\/tags?post=12422"}],"curies":[{"name":"wp","href":"https:\/\/api.w.org\/{rel}","templated":true}]}}