{"id":12435,"date":"2018-10-25T14:37:02","date_gmt":"2018-10-25T14:37:02","guid":{"rendered":"http:\/\/www.colegiomariareina.cl\/web\/?p=12435"},"modified":"2018-10-25T14:37:02","modified_gmt":"2018-10-25T14:37:02","slug":"dia-nacional-de-la-manipuladora-de-alimentos-25-de-octubre-de-2018","status":"publish","type":"post","link":"https:\/\/colegiomariareina.cl\/2025\/dia-nacional-de-la-manipuladora-de-alimentos-25-de-octubre-de-2018\/","title":{"rendered":"D\u00cdA NACIONAL DE LA MANIPULADORA DE ALIMENTOS &#8211; 25 DE OCTUBRE DE 2018"},"content":{"rendered":"<h5>Como colegio y a trav\u00e9s del Equipo de Bienestar, saludamos afectuosamente a las t\u00edas Jacquelin, Julia, Laurita, Eugenia, Paula y Yocelyn en la celebraci\u00f3n del D\u00eda Nacional de las Manipuladoras de Alimentos. Reconocemos la importante labor que realizan a trav\u00e9s de su servicio, constituyendo un aporte fundamental para el desarrollo de nuestros estudiantes beneficiarios de\u00a0JUNAEB.<\/h5>\n<p>&nbsp;<\/p>\n","protected":false},"excerpt":{"rendered":"<p>Como colegio y a trav\u00e9s del Equipo de Bienestar, saludamos afectuosamente a las t\u00edas Jacquelin, Julia, Laurita, Eugenia, Paula y Yocelyn en la celebraci\u00f3n del D\u00eda Nacional de las Manipuladoras de Alimentos. Reconocemos la importante labor que realizan a trav\u00e9s de su servicio, constituyendo un aporte fundamental para el desarrollo de nuestros estudiantes beneficiarios de\u00a0JUNAEB. [&hellip;]<\/p>\n","protected":false},"author":2,"featured_media":0,"comment_status":"open","ping_status":"open","sticky":false,"template":"","format":"standard","meta":{"_et_pb_use_builder":"","_et_pb_old_content":"","_et_gb_content_width":"","footnotes":""},"categories":[3],"tags":[],"class_list":["post-12435","post","type-post","status-publish","format-standard","hentry","category-noticias"],"_links":{"self":[{"href":"https:\/\/colegiomariareina.cl\/2025\/wp-json\/wp\/v2\/posts\/12435","targetHints":{"allow":["GET"]}}],"collection":[{"href":"https:\/\/colegiomariareina.cl\/2025\/wp-json\/wp\/v2\/posts"}],"about":[{"href":"https:\/\/colegiomariareina.cl\/2025\/wp-json\/wp\/v2\/types\/post"}],"author":[{"embeddable":true,"href":"https:\/\/colegiomariareina.cl\/2025\/wp-json\/wp\/v2\/users\/2"}],"replies":[{"embeddable":true,"href":"https:\/\/colegiomariareina.cl\/2025\/wp-json\/wp\/v2\/comments?post=12435"}],"version-history":[{"count":1,"href":"https:\/\/colegiomariareina.cl\/2025\/wp-json\/wp\/v2\/posts\/12435\/revisions"}],"predecessor-version":[{"id":12437,"href":"https:\/\/colegiomariareina.cl\/2025\/wp-json\/wp\/v2\/posts\/12435\/revisions\/12437"}],"wp:attachment":[{"href":"https:\/\/colegiomariareina.cl\/2025\/wp-json\/wp\/v2\/media?parent=12435"}],"wp:term":[{"taxonomy":"category","embeddable":true,"href":"https:\/\/colegiomariareina.cl\/2025\/wp-json\/wp\/v2\/categories?post=12435"},{"taxonomy":"post_tag","embeddable":true,"href":"https:\/\/colegiomariareina.cl\/2025\/wp-json\/wp\/v2\/tags?post=12435"}],"curies":[{"name":"wp","href":"https:\/\/api.w.org\/{rel}","templated":true}]}}