{"id":12439,"date":"2018-10-26T12:40:51","date_gmt":"2018-10-26T12:40:51","guid":{"rendered":"http:\/\/www.colegiomariareina.cl\/web\/?p=12439"},"modified":"2019-03-18T20:08:43","modified_gmt":"2019-03-18T20:08:43","slug":"1er-encuentro-de-talleres-extra-programaticos","status":"publish","type":"post","link":"https:\/\/colegiomariareina.cl\/2025\/1er-encuentro-de-talleres-extra-programaticos\/","title":{"rendered":"1er ENCUENTRO DE TALLERES EXTRA-PROGRAM\u00c1TICOS"},"content":{"rendered":"<p>Invitamos a toda nuestra comunidad educativa a participar del 1er Encuentro de Talleres Extra-Program\u00e1ticos, para ma\u00f1ana s\u00e1bado 27 a contar de 09:00 hrs. Instancia que contar\u00e1 con la participaci\u00f3n de los estudiantes del Colegio Josefino Sant\u00edsima Trinidad.<br \/>\nTe esperamos!!<\/p>\n","protected":false},"excerpt":{"rendered":"<p>Invitamos a toda nuestra comunidad educativa a participar del 1er Encuentro de Talleres Extra-Program\u00e1ticos, para ma\u00f1ana s\u00e1bado 27 a contar de 09:00 hrs. Instancia que contar\u00e1 con la participaci\u00f3n de los estudiantes del Colegio Josefino Sant\u00edsima Trinidad. Te esperamos!!<\/p>\n","protected":false},"author":2,"featured_media":12440,"comment_status":"open","ping_status":"open","sticky":false,"template":"","format":"standard","meta":{"_et_pb_use_builder":"","_et_pb_old_content":"","_et_gb_content_width":"","footnotes":""},"categories":[3],"tags":[],"class_list":["post-12439","post","type-post","status-publish","format-standard","has-post-thumbnail","hentry","category-noticias"],"_links":{"self":[{"href":"https:\/\/colegiomariareina.cl\/2025\/wp-json\/wp\/v2\/posts\/12439","targetHints":{"allow":["GET"]}}],"collection":[{"href":"https:\/\/colegiomariareina.cl\/2025\/wp-json\/wp\/v2\/posts"}],"about":[{"href":"https:\/\/colegiomariareina.cl\/2025\/wp-json\/wp\/v2\/types\/post"}],"author":[{"embeddable":true,"href":"https:\/\/colegiomariareina.cl\/2025\/wp-json\/wp\/v2\/users\/2"}],"replies":[{"embeddable":true,"href":"https:\/\/colegiomariareina.cl\/2025\/wp-json\/wp\/v2\/comments?post=12439"}],"version-history":[{"count":1,"href":"https:\/\/colegiomariareina.cl\/2025\/wp-json\/wp\/v2\/posts\/12439\/revisions"}],"predecessor-version":[{"id":12441,"href":"https:\/\/colegiomariareina.cl\/2025\/wp-json\/wp\/v2\/posts\/12439\/revisions\/12441"}],"wp:featuredmedia":[{"embeddable":true,"href":"https:\/\/colegiomariareina.cl\/2025\/wp-json\/wp\/v2\/media\/12440"}],"wp:attachment":[{"href":"https:\/\/colegiomariareina.cl\/2025\/wp-json\/wp\/v2\/media?parent=12439"}],"wp:term":[{"taxonomy":"category","embeddable":true,"href":"https:\/\/colegiomariareina.cl\/2025\/wp-json\/wp\/v2\/categories?post=12439"},{"taxonomy":"post_tag","embeddable":true,"href":"https:\/\/colegiomariareina.cl\/2025\/wp-json\/wp\/v2\/tags?post=12439"}],"curies":[{"name":"wp","href":"https:\/\/api.w.org\/{rel}","templated":true}]}}