{"id":12513,"date":"2018-11-14T10:03:44","date_gmt":"2018-11-14T10:03:44","guid":{"rendered":"http:\/\/www.colegiomariareina.cl\/web\/?p=12513"},"modified":"2018-11-16T16:08:23","modified_gmt":"2018-11-16T16:08:23","slug":"eucaristia-2-media-a-14-de-noviembre-de-2018","status":"publish","type":"post","link":"https:\/\/colegiomariareina.cl\/2025\/eucaristia-2-media-a-14-de-noviembre-de-2018\/","title":{"rendered":"EUCARIST\u00cdA 2\u00b0 MEDIA A &#8211; 14 DE NOVIEMBRE DE 2018"},"content":{"rendered":"<h5>La ma\u00f1ana de este mi\u00e9rcoles el 2\u00ba medio A celebr\u00f3 su \u00faltima Eucarist\u00eda como curso, culminando una etapa especial donde comienzan a asumir nuevas y mayores responsabilidades.<\/h5>\n<p><a href=\"http:\/\/www.colegiomariareina.cl\/web\/wp-content\/uploads\/2018\/11\/2-2.jpg\"><img loading=\"lazy\" decoding=\"async\" class=\"alignleft size-thumbnail wp-image-12515\" src=\"http:\/\/www.colegiomariareina.cl\/web\/wp-content\/uploads\/2018\/11\/2-2-150x150.jpg\" alt=\"\" width=\"150\" height=\"150\" srcset=\"https:\/\/colegiomariareina.cl\/2025\/wp-content\/uploads\/2018\/11\/2-2-150x150.jpg 150w, https:\/\/colegiomariareina.cl\/2025\/wp-content\/uploads\/2018\/11\/2-2-65x65.jpg 65w, https:\/\/colegiomariareina.cl\/2025\/wp-content\/uploads\/2018\/11\/2-2-570x570.jpg 570w, https:\/\/colegiomariareina.cl\/2025\/wp-content\/uploads\/2018\/11\/2-2-270x270.jpg 270w\" sizes=\"auto, (max-width: 150px) 100vw, 150px\" \/><\/a> <a href=\"http:\/\/www.colegiomariareina.cl\/web\/wp-content\/uploads\/2018\/11\/3-2.jpg\"><img loading=\"lazy\" decoding=\"async\" class=\"alignleft size-thumbnail wp-image-12516\" src=\"http:\/\/www.colegiomariareina.cl\/web\/wp-content\/uploads\/2018\/11\/3-2-150x150.jpg\" alt=\"\" width=\"150\" height=\"150\" srcset=\"https:\/\/colegiomariareina.cl\/2025\/wp-content\/uploads\/2018\/11\/3-2-150x150.jpg 150w, https:\/\/colegiomariareina.cl\/2025\/wp-content\/uploads\/2018\/11\/3-2-65x65.jpg 65w, https:\/\/colegiomariareina.cl\/2025\/wp-content\/uploads\/2018\/11\/3-2-570x570.jpg 570w, https:\/\/colegiomariareina.cl\/2025\/wp-content\/uploads\/2018\/11\/3-2-270x270.jpg 270w\" sizes=\"auto, (max-width: 150px) 100vw, 150px\" \/><\/a> <a href=\"http:\/\/www.colegiomariareina.cl\/web\/wp-content\/uploads\/2018\/11\/4-2.jpg\"><img loading=\"lazy\" decoding=\"async\" class=\"alignleft size-thumbnail wp-image-12517\" src=\"http:\/\/www.colegiomariareina.cl\/web\/wp-content\/uploads\/2018\/11\/4-2-150x150.jpg\" alt=\"\" width=\"150\" height=\"150\" srcset=\"https:\/\/colegiomariareina.cl\/2025\/wp-content\/uploads\/2018\/11\/4-2-150x150.jpg 150w, https:\/\/colegiomariareina.cl\/2025\/wp-content\/uploads\/2018\/11\/4-2-65x65.jpg 65w, https:\/\/colegiomariareina.cl\/2025\/wp-content\/uploads\/2018\/11\/4-2-570x570.jpg 570w, https:\/\/colegiomariareina.cl\/2025\/wp-content\/uploads\/2018\/11\/4-2-270x270.jpg 270w\" sizes=\"auto, (max-width: 150px) 100vw, 150px\" \/><\/a><\/p>\n","protected":false},"excerpt":{"rendered":"<p>La ma\u00f1ana de este mi\u00e9rcoles el 2\u00ba medio A celebr\u00f3 su \u00faltima Eucarist\u00eda como curso, culminando una etapa especial donde comienzan a asumir nuevas y mayores responsabilidades.<\/p>\n","protected":false},"author":2,"featured_media":12514,"comment_status":"open","ping_status":"open","sticky":false,"template":"","format":"standard","meta":{"_et_pb_use_builder":"","_et_pb_old_content":"","_et_gb_content_width":"","footnotes":""},"categories":[3],"tags":[],"class_list":["post-12513","post","type-post","status-publish","format-standard","has-post-thumbnail","hentry","category-noticias"],"_links":{"self":[{"href":"https:\/\/colegiomariareina.cl\/2025\/wp-json\/wp\/v2\/posts\/12513","targetHints":{"allow":["GET"]}}],"collection":[{"href":"https:\/\/colegiomariareina.cl\/2025\/wp-json\/wp\/v2\/posts"}],"about":[{"href":"https:\/\/colegiomariareina.cl\/2025\/wp-json\/wp\/v2\/types\/post"}],"author":[{"embeddable":true,"href":"https:\/\/colegiomariareina.cl\/2025\/wp-json\/wp\/v2\/users\/2"}],"replies":[{"embeddable":true,"href":"https:\/\/colegiomariareina.cl\/2025\/wp-json\/wp\/v2\/comments?post=12513"}],"version-history":[{"count":2,"href":"https:\/\/colegiomariareina.cl\/2025\/wp-json\/wp\/v2\/posts\/12513\/revisions"}],"predecessor-version":[{"id":12519,"href":"https:\/\/colegiomariareina.cl\/2025\/wp-json\/wp\/v2\/posts\/12513\/revisions\/12519"}],"wp:featuredmedia":[{"embeddable":true,"href":"https:\/\/colegiomariareina.cl\/2025\/wp-json\/wp\/v2\/media\/12514"}],"wp:attachment":[{"href":"https:\/\/colegiomariareina.cl\/2025\/wp-json\/wp\/v2\/media?parent=12513"}],"wp:term":[{"taxonomy":"category","embeddable":true,"href":"https:\/\/colegiomariareina.cl\/2025\/wp-json\/wp\/v2\/categories?post=12513"},{"taxonomy":"post_tag","embeddable":true,"href":"https:\/\/colegiomariareina.cl\/2025\/wp-json\/wp\/v2\/tags?post=12513"}],"curies":[{"name":"wp","href":"https:\/\/api.w.org\/{rel}","templated":true}]}}