{"id":12578,"date":"2018-11-20T14:00:25","date_gmt":"2018-11-20T14:00:25","guid":{"rendered":"http:\/\/www.colegiomariareina.cl\/web\/?p=12578"},"modified":"2019-03-18T20:09:18","modified_gmt":"2019-03-18T20:09:18","slug":"reunion-de-apoderados-mes-de-noviembre","status":"publish","type":"post","link":"https:\/\/colegiomariareina.cl\/2025\/reunion-de-apoderados-mes-de-noviembre\/","title":{"rendered":"REUNI\u00d3N DE APODERADOS MES DE NOVIEMBRE"},"content":{"rendered":"<h5>Informamos a toda nuestra comunidad educativa que ma\u00f1ana a partir de las 18:00 horas se realizar\u00e1n importantes reuniones de apoderados, donde se har\u00e1 entrega de notas.<br \/>\nAdem\u00e1s, en esta oportunidad, se realizar\u00e1 la Muestra de Departamentos y la tradicional Gimnasiada para los ni\u00f1os de Pre-kinder a 8\u00b0b\u00e1sico, instancia donde nuestros estudiantes exponen el trabajo realizado durante el segundo semestre del a\u00f1o.<\/h5>\n","protected":false},"excerpt":{"rendered":"<p>Informamos a toda nuestra comunidad educativa que ma\u00f1ana a partir de las 18:00 horas se realizar\u00e1n importantes reuniones de apoderados, donde se har\u00e1 entrega de notas. Adem\u00e1s, en esta oportunidad, se realizar\u00e1 la Muestra de Departamentos y la tradicional Gimnasiada para los ni\u00f1os de Pre-kinder a 8\u00b0b\u00e1sico, instancia donde nuestros estudiantes exponen el trabajo realizado [&hellip;]<\/p>\n","protected":false},"author":2,"featured_media":12579,"comment_status":"open","ping_status":"open","sticky":false,"template":"","format":"standard","meta":{"_et_pb_use_builder":"","_et_pb_old_content":"","_et_gb_content_width":"","footnotes":""},"categories":[3],"tags":[],"class_list":["post-12578","post","type-post","status-publish","format-standard","has-post-thumbnail","hentry","category-noticias"],"_links":{"self":[{"href":"https:\/\/colegiomariareina.cl\/2025\/wp-json\/wp\/v2\/posts\/12578","targetHints":{"allow":["GET"]}}],"collection":[{"href":"https:\/\/colegiomariareina.cl\/2025\/wp-json\/wp\/v2\/posts"}],"about":[{"href":"https:\/\/colegiomariareina.cl\/2025\/wp-json\/wp\/v2\/types\/post"}],"author":[{"embeddable":true,"href":"https:\/\/colegiomariareina.cl\/2025\/wp-json\/wp\/v2\/users\/2"}],"replies":[{"embeddable":true,"href":"https:\/\/colegiomariareina.cl\/2025\/wp-json\/wp\/v2\/comments?post=12578"}],"version-history":[{"count":1,"href":"https:\/\/colegiomariareina.cl\/2025\/wp-json\/wp\/v2\/posts\/12578\/revisions"}],"predecessor-version":[{"id":12580,"href":"https:\/\/colegiomariareina.cl\/2025\/wp-json\/wp\/v2\/posts\/12578\/revisions\/12580"}],"wp:featuredmedia":[{"embeddable":true,"href":"https:\/\/colegiomariareina.cl\/2025\/wp-json\/wp\/v2\/media\/12579"}],"wp:attachment":[{"href":"https:\/\/colegiomariareina.cl\/2025\/wp-json\/wp\/v2\/media?parent=12578"}],"wp:term":[{"taxonomy":"category","embeddable":true,"href":"https:\/\/colegiomariareina.cl\/2025\/wp-json\/wp\/v2\/categories?post=12578"},{"taxonomy":"post_tag","embeddable":true,"href":"https:\/\/colegiomariareina.cl\/2025\/wp-json\/wp\/v2\/tags?post=12578"}],"curies":[{"name":"wp","href":"https:\/\/api.w.org\/{rel}","templated":true}]}}