{"id":12589,"date":"2018-11-22T12:27:33","date_gmt":"2018-11-22T12:27:33","guid":{"rendered":"http:\/\/www.colegiomariareina.cl\/web\/?p=12589"},"modified":"2019-03-18T20:09:48","modified_gmt":"2019-03-18T20:09:48","slug":"2do-encuentro-de-talleres-extra-programaticos","status":"publish","type":"post","link":"https:\/\/colegiomariareina.cl\/2025\/2do-encuentro-de-talleres-extra-programaticos\/","title":{"rendered":"2dO ENCUENTRO DE TALLERES EXTRA-PROGRAM\u00c1TICOS"},"content":{"rendered":"<h5>Informamos e invitamos a toda nuestra comunidad educativa a participar del 2do Encuentro de Talleres Extra-Program\u00e1ticos a realizarse este s\u00e1bado 24 en el colegio Josefino Sant\u00edsima Trinidad de Providencia a contar de las 9:00 horas, instancia donde ambos establecimientos hermanos de Carisma, se enfrentan en las distintas disciplinas y exponen el trabajo realizado durante el a\u00f1o.<\/h5>\n<h5>Para los estudiantes, monitores, padres y apoderados de los distintos talleres que deseen acompa\u00f1ar a nuestro colegio, informamos que la salida de los buses ser\u00e1 a las 7:30 horas desde nuestro colegio, confirmando previamente su asistencia con el inspector Daniel Rubio hasta el viernes 23, a las 12:00 hrs. Participa!!<\/h5>\n<p>&nbsp;<\/p>\n","protected":false},"excerpt":{"rendered":"<p>Informamos e invitamos a toda nuestra comunidad educativa a participar del 2do Encuentro de Talleres Extra-Program\u00e1ticos a realizarse este s\u00e1bado 24 en el colegio Josefino Sant\u00edsima Trinidad de Providencia a contar de las 9:00 horas, instancia donde ambos establecimientos hermanos de Carisma, se enfrentan en las distintas disciplinas y exponen el trabajo realizado durante el [&hellip;]<\/p>\n","protected":false},"author":2,"featured_media":12590,"comment_status":"open","ping_status":"open","sticky":false,"template":"","format":"standard","meta":{"_et_pb_use_builder":"","_et_pb_old_content":"","_et_gb_content_width":"","footnotes":""},"categories":[3],"tags":[],"class_list":["post-12589","post","type-post","status-publish","format-standard","has-post-thumbnail","hentry","category-noticias"],"_links":{"self":[{"href":"https:\/\/colegiomariareina.cl\/2025\/wp-json\/wp\/v2\/posts\/12589","targetHints":{"allow":["GET"]}}],"collection":[{"href":"https:\/\/colegiomariareina.cl\/2025\/wp-json\/wp\/v2\/posts"}],"about":[{"href":"https:\/\/colegiomariareina.cl\/2025\/wp-json\/wp\/v2\/types\/post"}],"author":[{"embeddable":true,"href":"https:\/\/colegiomariareina.cl\/2025\/wp-json\/wp\/v2\/users\/2"}],"replies":[{"embeddable":true,"href":"https:\/\/colegiomariareina.cl\/2025\/wp-json\/wp\/v2\/comments?post=12589"}],"version-history":[{"count":1,"href":"https:\/\/colegiomariareina.cl\/2025\/wp-json\/wp\/v2\/posts\/12589\/revisions"}],"predecessor-version":[{"id":12591,"href":"https:\/\/colegiomariareina.cl\/2025\/wp-json\/wp\/v2\/posts\/12589\/revisions\/12591"}],"wp:featuredmedia":[{"embeddable":true,"href":"https:\/\/colegiomariareina.cl\/2025\/wp-json\/wp\/v2\/media\/12590"}],"wp:attachment":[{"href":"https:\/\/colegiomariareina.cl\/2025\/wp-json\/wp\/v2\/media?parent=12589"}],"wp:term":[{"taxonomy":"category","embeddable":true,"href":"https:\/\/colegiomariareina.cl\/2025\/wp-json\/wp\/v2\/categories?post=12589"},{"taxonomy":"post_tag","embeddable":true,"href":"https:\/\/colegiomariareina.cl\/2025\/wp-json\/wp\/v2\/tags?post=12589"}],"curies":[{"name":"wp","href":"https:\/\/api.w.org\/{rel}","templated":true}]}}