{"id":12617,"date":"2018-11-24T23:55:16","date_gmt":"2018-11-24T23:55:16","guid":{"rendered":"http:\/\/www.colegiomariareina.cl\/web\/?p=12617"},"modified":"2018-11-26T15:57:04","modified_gmt":"2018-11-26T15:57:04","slug":"12617","status":"publish","type":"post","link":"https:\/\/colegiomariareina.cl\/2025\/12617\/","title":{"rendered":"2do FESTIVAL DE LA VOZ CMRI 2018 &#8211; 24 DE NOVIEMBRE DE 2018"},"content":{"rendered":"<h5>Este viernes en el gimnasio de nuestro colegio se vivi\u00f3 el 2do Festival de la Voz CMRI 2018, organizado por el Taller de Coro y la Coordinaci\u00f3n de Talleres Extra-Program\u00e1ticos, actividad donde participaron estudiantes de 3\u00ba b\u00e1sico a 4\u00ba medio, adem\u00e1s de padres y apoderados, competencia que cont\u00f3 con la presencia de\u00a0Aldo Fabi\u00e1n Bustos, tributo a Juan Gabriel y el profesor, ex-inspector de nuestro colegio\u00a0Alejandro Allendes.<\/h5>\n<h5>En esta oportunidad en la categor\u00eda de Pre-kinder a 4\u00ba<span class=\"text_exposed_show\">\u00a0b\u00e1sico, el primer lugar lo obtuvo Julieta San Martin del 3\u00baB. En la categor\u00eda de 5\u00ba a 8\u00ba b\u00e1sico la ganadora fue Antonia P\u00e9rez del 8\u00baA, en la categor\u00eda Ense\u00f1anza Media, el primer lugar lo obtuvo Katalina Bud\u00edn y en la categor\u00eda Apoderados, el se\u00f1or Jos\u00e9 G\u00e1lvez, del 3\u00ba medio de Muebles y Tratamientos en Madera obtuvo el primer lugar. Adem\u00e1s esta actividad cont\u00f3 con la impecable presentaci\u00f3n de Aldo Bustos, quien hizo cantar y bailar a los presentes con un tributo a Juan Gabriel.<\/span><\/h5>\n<div class=\"text_exposed_show\">\n<h5>Como colegio somos conscientes de la importancia de entregar estas oportunidades donde la comunidad educativa se pueda desarrollar en diferentes facetas, aprovechando estos dones que entrega el Se\u00f1or.<\/h5>\n<p><a href=\"http:\/\/www.colegiomariareina.cl\/web\/wp-content\/uploads\/2018\/11\/46516684_2141763769422139_4764815788806766592_o.jpg\"><img loading=\"lazy\" decoding=\"async\" class=\"alignleft size-thumbnail wp-image-12618\" src=\"http:\/\/www.colegiomariareina.cl\/web\/wp-content\/uploads\/2018\/11\/46516684_2141763769422139_4764815788806766592_o-150x150.jpg\" alt=\"\" width=\"150\" height=\"150\" srcset=\"https:\/\/colegiomariareina.cl\/2025\/wp-content\/uploads\/2018\/11\/46516684_2141763769422139_4764815788806766592_o-150x150.jpg 150w, https:\/\/colegiomariareina.cl\/2025\/wp-content\/uploads\/2018\/11\/46516684_2141763769422139_4764815788806766592_o-65x65.jpg 65w, https:\/\/colegiomariareina.cl\/2025\/wp-content\/uploads\/2018\/11\/46516684_2141763769422139_4764815788806766592_o-570x570.jpg 570w, https:\/\/colegiomariareina.cl\/2025\/wp-content\/uploads\/2018\/11\/46516684_2141763769422139_4764815788806766592_o-270x270.jpg 270w\" sizes=\"auto, (max-width: 150px) 100vw, 150px\" \/><\/a><a href=\"http:\/\/www.colegiomariareina.cl\/web\/wp-content\/uploads\/2018\/11\/46520235_2141763932755456_4411973930403758080_o.jpg\"><img loading=\"lazy\" decoding=\"async\" class=\"alignleft size-thumbnail wp-image-12620\" src=\"http:\/\/www.colegiomariareina.cl\/web\/wp-content\/uploads\/2018\/11\/46520235_2141763932755456_4411973930403758080_o-150x150.jpg\" alt=\"\" width=\"150\" height=\"150\" srcset=\"https:\/\/colegiomariareina.cl\/2025\/wp-content\/uploads\/2018\/11\/46520235_2141763932755456_4411973930403758080_o-150x150.jpg 150w, https:\/\/colegiomariareina.cl\/2025\/wp-content\/uploads\/2018\/11\/46520235_2141763932755456_4411973930403758080_o-65x65.jpg 65w, https:\/\/colegiomariareina.cl\/2025\/wp-content\/uploads\/2018\/11\/46520235_2141763932755456_4411973930403758080_o-570x570.jpg 570w, https:\/\/colegiomariareina.cl\/2025\/wp-content\/uploads\/2018\/11\/46520235_2141763932755456_4411973930403758080_o-270x270.jpg 270w\" sizes=\"auto, (max-width: 150px) 100vw, 150px\" \/><\/a> <a href=\"http:\/\/www.colegiomariareina.cl\/web\/wp-content\/uploads\/2018\/11\/46520569_2141763776088805_9197134648579194880_o.jpg\"><img loading=\"lazy\" decoding=\"async\" class=\"alignleft size-thumbnail wp-image-12621\" src=\"http:\/\/www.colegiomariareina.cl\/web\/wp-content\/uploads\/2018\/11\/46520569_2141763776088805_9197134648579194880_o-150x150.jpg\" alt=\"\" width=\"150\" height=\"150\" srcset=\"https:\/\/colegiomariareina.cl\/2025\/wp-content\/uploads\/2018\/11\/46520569_2141763776088805_9197134648579194880_o-150x150.jpg 150w, https:\/\/colegiomariareina.cl\/2025\/wp-content\/uploads\/2018\/11\/46520569_2141763776088805_9197134648579194880_o-65x65.jpg 65w, https:\/\/colegiomariareina.cl\/2025\/wp-content\/uploads\/2018\/11\/46520569_2141763776088805_9197134648579194880_o-570x570.jpg 570w, https:\/\/colegiomariareina.cl\/2025\/wp-content\/uploads\/2018\/11\/46520569_2141763776088805_9197134648579194880_o-270x270.jpg 270w\" sizes=\"auto, (max-width: 150px) 100vw, 150px\" \/><\/a> <a href=\"http:\/\/www.colegiomariareina.cl\/web\/wp-content\/uploads\/2018\/11\/46526147_2141764079422108_7401294786444918784_o.jpg\"><img loading=\"lazy\" decoding=\"async\" class=\"alignleft size-thumbnail wp-image-12622\" src=\"http:\/\/www.colegiomariareina.cl\/web\/wp-content\/uploads\/2018\/11\/46526147_2141764079422108_7401294786444918784_o-150x150.jpg\" alt=\"\" width=\"150\" height=\"150\" srcset=\"https:\/\/colegiomariareina.cl\/2025\/wp-content\/uploads\/2018\/11\/46526147_2141764079422108_7401294786444918784_o-150x150.jpg 150w, https:\/\/colegiomariareina.cl\/2025\/wp-content\/uploads\/2018\/11\/46526147_2141764079422108_7401294786444918784_o-65x65.jpg 65w, https:\/\/colegiomariareina.cl\/2025\/wp-content\/uploads\/2018\/11\/46526147_2141764079422108_7401294786444918784_o-570x570.jpg 570w, https:\/\/colegiomariareina.cl\/2025\/wp-content\/uploads\/2018\/11\/46526147_2141764079422108_7401294786444918784_o-270x270.jpg 270w\" sizes=\"auto, (max-width: 150px) 100vw, 150px\" \/><\/a> <a href=\"http:\/\/www.colegiomariareina.cl\/web\/wp-content\/uploads\/2018\/11\/46716411_2141763962755453_1073419078682542080_o.jpg\"><img loading=\"lazy\" decoding=\"async\" class=\"alignleft size-thumbnail wp-image-12623\" src=\"http:\/\/www.colegiomariareina.cl\/web\/wp-content\/uploads\/2018\/11\/46716411_2141763962755453_1073419078682542080_o-150x150.jpg\" alt=\"\" width=\"150\" height=\"150\" srcset=\"https:\/\/colegiomariareina.cl\/2025\/wp-content\/uploads\/2018\/11\/46716411_2141763962755453_1073419078682542080_o-150x150.jpg 150w, https:\/\/colegiomariareina.cl\/2025\/wp-content\/uploads\/2018\/11\/46716411_2141763962755453_1073419078682542080_o-65x65.jpg 65w, https:\/\/colegiomariareina.cl\/2025\/wp-content\/uploads\/2018\/11\/46716411_2141763962755453_1073419078682542080_o-570x570.jpg 570w, https:\/\/colegiomariareina.cl\/2025\/wp-content\/uploads\/2018\/11\/46716411_2141763962755453_1073419078682542080_o-270x270.jpg 270w\" sizes=\"auto, (max-width: 150px) 100vw, 150px\" \/><\/a> <a href=\"http:\/\/www.colegiomariareina.cl\/web\/wp-content\/uploads\/2018\/11\/46725863_2141765446088638_1127577293435174912_o.jpg\"><img loading=\"lazy\" decoding=\"async\" class=\"alignleft size-thumbnail wp-image-12624\" src=\"http:\/\/www.colegiomariareina.cl\/web\/wp-content\/uploads\/2018\/11\/46725863_2141765446088638_1127577293435174912_o-150x150.jpg\" alt=\"\" width=\"150\" height=\"150\" srcset=\"https:\/\/colegiomariareina.cl\/2025\/wp-content\/uploads\/2018\/11\/46725863_2141765446088638_1127577293435174912_o-150x150.jpg 150w, https:\/\/colegiomariareina.cl\/2025\/wp-content\/uploads\/2018\/11\/46725863_2141765446088638_1127577293435174912_o-65x65.jpg 65w, https:\/\/colegiomariareina.cl\/2025\/wp-content\/uploads\/2018\/11\/46725863_2141765446088638_1127577293435174912_o-570x570.jpg 570w, https:\/\/colegiomariareina.cl\/2025\/wp-content\/uploads\/2018\/11\/46725863_2141765446088638_1127577293435174912_o-270x270.jpg 270w\" sizes=\"auto, (max-width: 150px) 100vw, 150px\" \/><\/a> <a href=\"http:\/\/www.colegiomariareina.cl\/web\/wp-content\/uploads\/2018\/11\/46768353_2141764899422026_3035035663306063872_o.jpg\"><img loading=\"lazy\" decoding=\"async\" class=\"alignleft size-thumbnail wp-image-12625\" src=\"http:\/\/www.colegiomariareina.cl\/web\/wp-content\/uploads\/2018\/11\/46768353_2141764899422026_3035035663306063872_o-150x150.jpg\" alt=\"\" width=\"150\" height=\"150\" srcset=\"https:\/\/colegiomariareina.cl\/2025\/wp-content\/uploads\/2018\/11\/46768353_2141764899422026_3035035663306063872_o-150x150.jpg 150w, https:\/\/colegiomariareina.cl\/2025\/wp-content\/uploads\/2018\/11\/46768353_2141764899422026_3035035663306063872_o-65x65.jpg 65w, https:\/\/colegiomariareina.cl\/2025\/wp-content\/uploads\/2018\/11\/46768353_2141764899422026_3035035663306063872_o-570x570.jpg 570w, https:\/\/colegiomariareina.cl\/2025\/wp-content\/uploads\/2018\/11\/46768353_2141764899422026_3035035663306063872_o-270x270.jpg 270w\" sizes=\"auto, (max-width: 150px) 100vw, 150px\" \/><\/a> <a href=\"http:\/\/www.colegiomariareina.cl\/web\/wp-content\/uploads\/2018\/11\/46814192_2141763799422136_6170082337338949632_o.jpg\"><img loading=\"lazy\" decoding=\"async\" class=\"alignleft size-thumbnail wp-image-12626\" src=\"http:\/\/www.colegiomariareina.cl\/web\/wp-content\/uploads\/2018\/11\/46814192_2141763799422136_6170082337338949632_o-150x150.jpg\" alt=\"\" width=\"150\" height=\"150\" srcset=\"https:\/\/colegiomariareina.cl\/2025\/wp-content\/uploads\/2018\/11\/46814192_2141763799422136_6170082337338949632_o-150x150.jpg 150w, https:\/\/colegiomariareina.cl\/2025\/wp-content\/uploads\/2018\/11\/46814192_2141763799422136_6170082337338949632_o-65x65.jpg 65w, https:\/\/colegiomariareina.cl\/2025\/wp-content\/uploads\/2018\/11\/46814192_2141763799422136_6170082337338949632_o-570x570.jpg 570w, https:\/\/colegiomariareina.cl\/2025\/wp-content\/uploads\/2018\/11\/46814192_2141763799422136_6170082337338949632_o-270x270.jpg 270w\" sizes=\"auto, (max-width: 150px) 100vw, 150px\" \/><\/a> <a href=\"http:\/\/www.colegiomariareina.cl\/web\/wp-content\/uploads\/2018\/11\/46827931_2141764056088777_2202472964694212608_o.jpg\"><img loading=\"lazy\" decoding=\"async\" class=\"alignleft size-thumbnail wp-image-12627\" src=\"http:\/\/www.colegiomariareina.cl\/web\/wp-content\/uploads\/2018\/11\/46827931_2141764056088777_2202472964694212608_o-150x150.jpg\" alt=\"\" width=\"150\" height=\"150\" srcset=\"https:\/\/colegiomariareina.cl\/2025\/wp-content\/uploads\/2018\/11\/46827931_2141764056088777_2202472964694212608_o-150x150.jpg 150w, https:\/\/colegiomariareina.cl\/2025\/wp-content\/uploads\/2018\/11\/46827931_2141764056088777_2202472964694212608_o-65x65.jpg 65w, https:\/\/colegiomariareina.cl\/2025\/wp-content\/uploads\/2018\/11\/46827931_2141764056088777_2202472964694212608_o-570x570.jpg 570w, https:\/\/colegiomariareina.cl\/2025\/wp-content\/uploads\/2018\/11\/46827931_2141764056088777_2202472964694212608_o-270x270.jpg 270w\" sizes=\"auto, (max-width: 150px) 100vw, 150px\" \/><\/a> <a href=\"http:\/\/www.colegiomariareina.cl\/web\/wp-content\/uploads\/2018\/11\/46856830_2141763906088792_3976249485339656192_o.jpg\"><img loading=\"lazy\" decoding=\"async\" class=\"alignleft size-thumbnail wp-image-12628\" src=\"http:\/\/www.colegiomariareina.cl\/web\/wp-content\/uploads\/2018\/11\/46856830_2141763906088792_3976249485339656192_o-150x150.jpg\" alt=\"\" width=\"150\" height=\"150\" srcset=\"https:\/\/colegiomariareina.cl\/2025\/wp-content\/uploads\/2018\/11\/46856830_2141763906088792_3976249485339656192_o-150x150.jpg 150w, https:\/\/colegiomariareina.cl\/2025\/wp-content\/uploads\/2018\/11\/46856830_2141763906088792_3976249485339656192_o-65x65.jpg 65w, https:\/\/colegiomariareina.cl\/2025\/wp-content\/uploads\/2018\/11\/46856830_2141763906088792_3976249485339656192_o-570x570.jpg 570w, https:\/\/colegiomariareina.cl\/2025\/wp-content\/uploads\/2018\/11\/46856830_2141763906088792_3976249485339656192_o-270x270.jpg 270w\" sizes=\"auto, (max-width: 150px) 100vw, 150px\" \/><\/a><\/p>\n<\/div>\n","protected":false},"excerpt":{"rendered":"<p>Este viernes en el gimnasio de nuestro colegio se vivi\u00f3 el 2do Festival de la Voz CMRI 2018, organizado por el Taller de Coro y la Coordinaci\u00f3n de Talleres Extra-Program\u00e1ticos, actividad donde participaron estudiantes de 3\u00ba b\u00e1sico a 4\u00ba medio, adem\u00e1s de padres y apoderados, competencia que cont\u00f3 con la presencia de\u00a0Aldo Fabi\u00e1n Bustos, tributo [&hellip;]<\/p>\n","protected":false},"author":2,"featured_media":12619,"comment_status":"open","ping_status":"open","sticky":false,"template":"","format":"standard","meta":{"_et_pb_use_builder":"","_et_pb_old_content":"","_et_gb_content_width":"","footnotes":""},"categories":[3],"tags":[],"class_list":["post-12617","post","type-post","status-publish","format-standard","has-post-thumbnail","hentry","category-noticias"],"_links":{"self":[{"href":"https:\/\/colegiomariareina.cl\/2025\/wp-json\/wp\/v2\/posts\/12617","targetHints":{"allow":["GET"]}}],"collection":[{"href":"https:\/\/colegiomariareina.cl\/2025\/wp-json\/wp\/v2\/posts"}],"about":[{"href":"https:\/\/colegiomariareina.cl\/2025\/wp-json\/wp\/v2\/types\/post"}],"author":[{"embeddable":true,"href":"https:\/\/colegiomariareina.cl\/2025\/wp-json\/wp\/v2\/users\/2"}],"replies":[{"embeddable":true,"href":"https:\/\/colegiomariareina.cl\/2025\/wp-json\/wp\/v2\/comments?post=12617"}],"version-history":[{"count":2,"href":"https:\/\/colegiomariareina.cl\/2025\/wp-json\/wp\/v2\/posts\/12617\/revisions"}],"predecessor-version":[{"id":12630,"href":"https:\/\/colegiomariareina.cl\/2025\/wp-json\/wp\/v2\/posts\/12617\/revisions\/12630"}],"wp:featuredmedia":[{"embeddable":true,"href":"https:\/\/colegiomariareina.cl\/2025\/wp-json\/wp\/v2\/media\/12619"}],"wp:attachment":[{"href":"https:\/\/colegiomariareina.cl\/2025\/wp-json\/wp\/v2\/media?parent=12617"}],"wp:term":[{"taxonomy":"category","embeddable":true,"href":"https:\/\/colegiomariareina.cl\/2025\/wp-json\/wp\/v2\/categories?post=12617"},{"taxonomy":"post_tag","embeddable":true,"href":"https:\/\/colegiomariareina.cl\/2025\/wp-json\/wp\/v2\/tags?post=12617"}],"curies":[{"name":"wp","href":"https:\/\/api.w.org\/{rel}","templated":true}]}}