{"id":12631,"date":"2018-11-26T12:33:57","date_gmt":"2018-11-26T12:33:57","guid":{"rendered":"http:\/\/www.colegiomariareina.cl\/web\/?p=12631"},"modified":"2018-11-26T18:12:51","modified_gmt":"2018-11-26T18:12:51","slug":"acto-lunes-26-26-de-noviembre-de-2018","status":"publish","type":"post","link":"https:\/\/colegiomariareina.cl\/2025\/acto-lunes-26-26-de-noviembre-de-2018\/","title":{"rendered":"ACTO LUNES 26 &#8211; 26 DE  NOVIEMBRE DE 2018"},"content":{"rendered":"<h5>Comenzamos este d\u00eda lunes saludando en el D\u00eda de la Educadora y Asistente de P\u00e1rvulos a todas las t\u00edas quienes brindan la primera formaci\u00f3n en el colegio, agradeciendo la importante labor en el cuidado de nuestros ni\u00f1os y ni\u00f1as, realizando actividades pedag\u00f3gicas y preparando ambientes educativos c\u00e1lidos y desafiantes, acordes a cada etapa del desarrollo infantil.<br \/>\nEspecialmente queremos felicitar a nuestras t\u00edas Mar\u00eda In\u00e9s, T\u00eda Cristina, T\u00eda Yanara, T\u00eda Beatriz, T\u00eda \u00c1ngela, T\u00eda Allison, T\u00eda Constanza y T\u00eda Daniela por el gran trabajo realizado con nuestros peque\u00f1os. Felicidades!!<\/h5>\n<p><a href=\"http:\/\/www.colegiomariareina.cl\/web\/wp-content\/uploads\/2018\/11\/46710882_2143179279280588_5642115038572445696_n.jpg\"><img loading=\"lazy\" decoding=\"async\" class=\"alignleft size-thumbnail wp-image-12632\" src=\"http:\/\/www.colegiomariareina.cl\/web\/wp-content\/uploads\/2018\/11\/46710882_2143179279280588_5642115038572445696_n-150x150.jpg\" alt=\"\" width=\"150\" height=\"150\" srcset=\"https:\/\/colegiomariareina.cl\/2025\/wp-content\/uploads\/2018\/11\/46710882_2143179279280588_5642115038572445696_n-150x150.jpg 150w, https:\/\/colegiomariareina.cl\/2025\/wp-content\/uploads\/2018\/11\/46710882_2143179279280588_5642115038572445696_n-65x65.jpg 65w, https:\/\/colegiomariareina.cl\/2025\/wp-content\/uploads\/2018\/11\/46710882_2143179279280588_5642115038572445696_n-570x570.jpg 570w, https:\/\/colegiomariareina.cl\/2025\/wp-content\/uploads\/2018\/11\/46710882_2143179279280588_5642115038572445696_n-270x270.jpg 270w\" sizes=\"auto, (max-width: 150px) 100vw, 150px\" \/><\/a> <a href=\"http:\/\/www.colegiomariareina.cl\/web\/wp-content\/uploads\/2018\/11\/46733053_2143179262613923_2632689285999886336_n.jpg\"><img loading=\"lazy\" decoding=\"async\" class=\"alignleft size-thumbnail wp-image-12633\" src=\"http:\/\/www.colegiomariareina.cl\/web\/wp-content\/uploads\/2018\/11\/46733053_2143179262613923_2632689285999886336_n-150x150.jpg\" alt=\"\" width=\"150\" height=\"150\" srcset=\"https:\/\/colegiomariareina.cl\/2025\/wp-content\/uploads\/2018\/11\/46733053_2143179262613923_2632689285999886336_n-150x150.jpg 150w, https:\/\/colegiomariareina.cl\/2025\/wp-content\/uploads\/2018\/11\/46733053_2143179262613923_2632689285999886336_n-65x65.jpg 65w, https:\/\/colegiomariareina.cl\/2025\/wp-content\/uploads\/2018\/11\/46733053_2143179262613923_2632689285999886336_n-270x270.jpg 270w\" sizes=\"auto, (max-width: 150px) 100vw, 150px\" \/><\/a> <a href=\"http:\/\/www.colegiomariareina.cl\/web\/wp-content\/uploads\/2018\/11\/46791034_2143179425947240_3931133667098755072_n.jpg\"><img loading=\"lazy\" decoding=\"async\" class=\"alignleft size-thumbnail wp-image-12634\" src=\"http:\/\/www.colegiomariareina.cl\/web\/wp-content\/uploads\/2018\/11\/46791034_2143179425947240_3931133667098755072_n-150x150.jpg\" alt=\"\" width=\"150\" height=\"150\" srcset=\"https:\/\/colegiomariareina.cl\/2025\/wp-content\/uploads\/2018\/11\/46791034_2143179425947240_3931133667098755072_n-150x150.jpg 150w, https:\/\/colegiomariareina.cl\/2025\/wp-content\/uploads\/2018\/11\/46791034_2143179425947240_3931133667098755072_n-65x65.jpg 65w, https:\/\/colegiomariareina.cl\/2025\/wp-content\/uploads\/2018\/11\/46791034_2143179425947240_3931133667098755072_n-570x570.jpg 570w, https:\/\/colegiomariareina.cl\/2025\/wp-content\/uploads\/2018\/11\/46791034_2143179425947240_3931133667098755072_n-270x270.jpg 270w\" sizes=\"auto, (max-width: 150px) 100vw, 150px\" \/><\/a> <a href=\"http:\/\/www.colegiomariareina.cl\/web\/wp-content\/uploads\/2018\/11\/46872835_2143179299280586_663268011360124928_n.jpg\"><img loading=\"lazy\" decoding=\"async\" class=\"alignleft size-thumbnail wp-image-12635\" src=\"http:\/\/www.colegiomariareina.cl\/web\/wp-content\/uploads\/2018\/11\/46872835_2143179299280586_663268011360124928_n-150x150.jpg\" alt=\"\" width=\"150\" height=\"150\" srcset=\"https:\/\/colegiomariareina.cl\/2025\/wp-content\/uploads\/2018\/11\/46872835_2143179299280586_663268011360124928_n-150x150.jpg 150w, https:\/\/colegiomariareina.cl\/2025\/wp-content\/uploads\/2018\/11\/46872835_2143179299280586_663268011360124928_n-65x65.jpg 65w, https:\/\/colegiomariareina.cl\/2025\/wp-content\/uploads\/2018\/11\/46872835_2143179299280586_663268011360124928_n-570x570.jpg 570w, https:\/\/colegiomariareina.cl\/2025\/wp-content\/uploads\/2018\/11\/46872835_2143179299280586_663268011360124928_n-270x270.jpg 270w\" sizes=\"auto, (max-width: 150px) 100vw, 150px\" \/><\/a> <a href=\"http:\/\/www.colegiomariareina.cl\/web\/wp-content\/uploads\/2018\/11\/47041389_2143179362613913_2636522698930388992_n.jpg\"><img loading=\"lazy\" decoding=\"async\" class=\"alignleft size-thumbnail wp-image-12636\" src=\"http:\/\/www.colegiomariareina.cl\/web\/wp-content\/uploads\/2018\/11\/47041389_2143179362613913_2636522698930388992_n-150x150.jpg\" alt=\"\" width=\"150\" height=\"150\" srcset=\"https:\/\/colegiomariareina.cl\/2025\/wp-content\/uploads\/2018\/11\/47041389_2143179362613913_2636522698930388992_n-150x150.jpg 150w, https:\/\/colegiomariareina.cl\/2025\/wp-content\/uploads\/2018\/11\/47041389_2143179362613913_2636522698930388992_n-65x65.jpg 65w, https:\/\/colegiomariareina.cl\/2025\/wp-content\/uploads\/2018\/11\/47041389_2143179362613913_2636522698930388992_n-570x570.jpg 570w, https:\/\/colegiomariareina.cl\/2025\/wp-content\/uploads\/2018\/11\/47041389_2143179362613913_2636522698930388992_n-270x270.jpg 270w\" sizes=\"auto, (max-width: 150px) 100vw, 150px\" \/><\/a><\/p>\n<p>&nbsp;<\/p>\n","protected":false},"excerpt":{"rendered":"<p>Comenzamos este d\u00eda lunes saludando en el D\u00eda de la Educadora y Asistente de P\u00e1rvulos a todas las t\u00edas quienes brindan la primera formaci\u00f3n en el colegio, agradeciendo la importante labor en el cuidado de nuestros ni\u00f1os y ni\u00f1as, realizando actividades pedag\u00f3gicas y preparando ambientes educativos c\u00e1lidos y desafiantes, acordes a cada etapa del desarrollo [&hellip;]<\/p>\n","protected":false},"author":2,"featured_media":12633,"comment_status":"open","ping_status":"open","sticky":false,"template":"","format":"standard","meta":{"_et_pb_use_builder":"","_et_pb_old_content":"","_et_gb_content_width":"","footnotes":""},"categories":[3],"tags":[],"class_list":["post-12631","post","type-post","status-publish","format-standard","has-post-thumbnail","hentry","category-noticias"],"_links":{"self":[{"href":"https:\/\/colegiomariareina.cl\/2025\/wp-json\/wp\/v2\/posts\/12631","targetHints":{"allow":["GET"]}}],"collection":[{"href":"https:\/\/colegiomariareina.cl\/2025\/wp-json\/wp\/v2\/posts"}],"about":[{"href":"https:\/\/colegiomariareina.cl\/2025\/wp-json\/wp\/v2\/types\/post"}],"author":[{"embeddable":true,"href":"https:\/\/colegiomariareina.cl\/2025\/wp-json\/wp\/v2\/users\/2"}],"replies":[{"embeddable":true,"href":"https:\/\/colegiomariareina.cl\/2025\/wp-json\/wp\/v2\/comments?post=12631"}],"version-history":[{"count":1,"href":"https:\/\/colegiomariareina.cl\/2025\/wp-json\/wp\/v2\/posts\/12631\/revisions"}],"predecessor-version":[{"id":12637,"href":"https:\/\/colegiomariareina.cl\/2025\/wp-json\/wp\/v2\/posts\/12631\/revisions\/12637"}],"wp:featuredmedia":[{"embeddable":true,"href":"https:\/\/colegiomariareina.cl\/2025\/wp-json\/wp\/v2\/media\/12633"}],"wp:attachment":[{"href":"https:\/\/colegiomariareina.cl\/2025\/wp-json\/wp\/v2\/media?parent=12631"}],"wp:term":[{"taxonomy":"category","embeddable":true,"href":"https:\/\/colegiomariareina.cl\/2025\/wp-json\/wp\/v2\/categories?post=12631"},{"taxonomy":"post_tag","embeddable":true,"href":"https:\/\/colegiomariareina.cl\/2025\/wp-json\/wp\/v2\/tags?post=12631"}],"curies":[{"name":"wp","href":"https:\/\/api.w.org\/{rel}","templated":true}]}}