{"id":12648,"date":"2018-11-28T18:00:23","date_gmt":"2018-11-28T18:00:23","guid":{"rendered":"http:\/\/www.colegiomariareina.cl\/web\/?p=12648"},"modified":"2018-11-30T14:16:03","modified_gmt":"2018-11-30T14:16:03","slug":"consejo-general-de-profesores-28-de-noviembre-de-2018","status":"publish","type":"post","link":"https:\/\/colegiomariareina.cl\/2025\/consejo-general-de-profesores-28-de-noviembre-de-2018\/","title":{"rendered":"CONSEJO GENERAL DE PROFESORES &#8211; 28 DE NOVIEMBRE DE 2018"},"content":{"rendered":"<h5>Durante la tarde de este mi\u00e9rcoles se realiz\u00f3 el Consejo General de Profesores, que tiene por objetivo fortalecer la pr\u00e1ctica pedag\u00f3gica para contribuir en la mejora de aprendizajes de los estudiantes y hacer una evaluaci\u00f3n conjunta sobre el Plan de Mejoramiento Educativo, en cuanto a la Ley SEP.<\/h5>\n<p><a href=\"http:\/\/www.colegiomariareina.cl\/web\/wp-content\/uploads\/2018\/11\/46902090_2144559472475902_8687640240375988224_n.jpg\"><img loading=\"lazy\" decoding=\"async\" class=\"alignleft size-thumbnail wp-image-12649\" src=\"http:\/\/www.colegiomariareina.cl\/web\/wp-content\/uploads\/2018\/11\/46902090_2144559472475902_8687640240375988224_n-150x150.jpg\" alt=\"\" width=\"150\" height=\"150\" srcset=\"https:\/\/colegiomariareina.cl\/2025\/wp-content\/uploads\/2018\/11\/46902090_2144559472475902_8687640240375988224_n-150x150.jpg 150w, https:\/\/colegiomariareina.cl\/2025\/wp-content\/uploads\/2018\/11\/46902090_2144559472475902_8687640240375988224_n-65x65.jpg 65w, https:\/\/colegiomariareina.cl\/2025\/wp-content\/uploads\/2018\/11\/46902090_2144559472475902_8687640240375988224_n-570x570.jpg 570w, https:\/\/colegiomariareina.cl\/2025\/wp-content\/uploads\/2018\/11\/46902090_2144559472475902_8687640240375988224_n-270x270.jpg 270w\" sizes=\"auto, (max-width: 150px) 100vw, 150px\" \/><\/a> <a href=\"http:\/\/www.colegiomariareina.cl\/web\/wp-content\/uploads\/2018\/11\/46908474_2144559909142525_234730957842677760_n.jpg\"><img loading=\"lazy\" decoding=\"async\" class=\"alignleft size-thumbnail wp-image-12650\" src=\"http:\/\/www.colegiomariareina.cl\/web\/wp-content\/uploads\/2018\/11\/46908474_2144559909142525_234730957842677760_n-150x150.jpg\" alt=\"\" width=\"150\" height=\"150\" srcset=\"https:\/\/colegiomariareina.cl\/2025\/wp-content\/uploads\/2018\/11\/46908474_2144559909142525_234730957842677760_n-150x150.jpg 150w, https:\/\/colegiomariareina.cl\/2025\/wp-content\/uploads\/2018\/11\/46908474_2144559909142525_234730957842677760_n-65x65.jpg 65w, https:\/\/colegiomariareina.cl\/2025\/wp-content\/uploads\/2018\/11\/46908474_2144559909142525_234730957842677760_n-570x570.jpg 570w, https:\/\/colegiomariareina.cl\/2025\/wp-content\/uploads\/2018\/11\/46908474_2144559909142525_234730957842677760_n-270x270.jpg 270w\" sizes=\"auto, (max-width: 150px) 100vw, 150px\" \/><\/a><a href=\"http:\/\/www.colegiomariareina.cl\/web\/wp-content\/uploads\/2018\/11\/47024587_2144559589142557_2684040207048638464_n.jpg\"><img loading=\"lazy\" decoding=\"async\" class=\"alignleft size-thumbnail wp-image-12652\" src=\"http:\/\/www.colegiomariareina.cl\/web\/wp-content\/uploads\/2018\/11\/47024587_2144559589142557_2684040207048638464_n-150x150.jpg\" alt=\"\" width=\"150\" height=\"150\" srcset=\"https:\/\/colegiomariareina.cl\/2025\/wp-content\/uploads\/2018\/11\/47024587_2144559589142557_2684040207048638464_n-150x150.jpg 150w, https:\/\/colegiomariareina.cl\/2025\/wp-content\/uploads\/2018\/11\/47024587_2144559589142557_2684040207048638464_n-65x65.jpg 65w, https:\/\/colegiomariareina.cl\/2025\/wp-content\/uploads\/2018\/11\/47024587_2144559589142557_2684040207048638464_n-570x570.jpg 570w, https:\/\/colegiomariareina.cl\/2025\/wp-content\/uploads\/2018\/11\/47024587_2144559589142557_2684040207048638464_n-270x270.jpg 270w\" sizes=\"auto, (max-width: 150px) 100vw, 150px\" \/><\/a> <a href=\"http:\/\/www.colegiomariareina.cl\/web\/wp-content\/uploads\/2018\/11\/47032363_2144559672475882_6302733712240934912_n.jpg\"><img loading=\"lazy\" decoding=\"async\" class=\"alignleft size-thumbnail wp-image-12653\" src=\"http:\/\/www.colegiomariareina.cl\/web\/wp-content\/uploads\/2018\/11\/47032363_2144559672475882_6302733712240934912_n-150x150.jpg\" alt=\"\" width=\"150\" height=\"150\" srcset=\"https:\/\/colegiomariareina.cl\/2025\/wp-content\/uploads\/2018\/11\/47032363_2144559672475882_6302733712240934912_n-150x150.jpg 150w, https:\/\/colegiomariareina.cl\/2025\/wp-content\/uploads\/2018\/11\/47032363_2144559672475882_6302733712240934912_n-65x65.jpg 65w, https:\/\/colegiomariareina.cl\/2025\/wp-content\/uploads\/2018\/11\/47032363_2144559672475882_6302733712240934912_n-570x570.jpg 570w, https:\/\/colegiomariareina.cl\/2025\/wp-content\/uploads\/2018\/11\/47032363_2144559672475882_6302733712240934912_n-270x270.jpg 270w\" sizes=\"auto, (max-width: 150px) 100vw, 150px\" \/><\/a><\/p>\n<p>&nbsp;<\/p>\n","protected":false},"excerpt":{"rendered":"<p>Durante la tarde de este mi\u00e9rcoles se realiz\u00f3 el Consejo General de Profesores, que tiene por objetivo fortalecer la pr\u00e1ctica pedag\u00f3gica para contribuir en la mejora de aprendizajes de los estudiantes y hacer una evaluaci\u00f3n conjunta sobre el Plan de Mejoramiento Educativo, en cuanto a la Ley SEP. &nbsp;<\/p>\n","protected":false},"author":2,"featured_media":12651,"comment_status":"open","ping_status":"open","sticky":false,"template":"","format":"standard","meta":{"_et_pb_use_builder":"","_et_pb_old_content":"","_et_gb_content_width":"","footnotes":""},"categories":[3],"tags":[],"class_list":["post-12648","post","type-post","status-publish","format-standard","has-post-thumbnail","hentry","category-noticias"],"_links":{"self":[{"href":"https:\/\/colegiomariareina.cl\/2025\/wp-json\/wp\/v2\/posts\/12648","targetHints":{"allow":["GET"]}}],"collection":[{"href":"https:\/\/colegiomariareina.cl\/2025\/wp-json\/wp\/v2\/posts"}],"about":[{"href":"https:\/\/colegiomariareina.cl\/2025\/wp-json\/wp\/v2\/types\/post"}],"author":[{"embeddable":true,"href":"https:\/\/colegiomariareina.cl\/2025\/wp-json\/wp\/v2\/users\/2"}],"replies":[{"embeddable":true,"href":"https:\/\/colegiomariareina.cl\/2025\/wp-json\/wp\/v2\/comments?post=12648"}],"version-history":[{"count":2,"href":"https:\/\/colegiomariareina.cl\/2025\/wp-json\/wp\/v2\/posts\/12648\/revisions"}],"predecessor-version":[{"id":12673,"href":"https:\/\/colegiomariareina.cl\/2025\/wp-json\/wp\/v2\/posts\/12648\/revisions\/12673"}],"wp:featuredmedia":[{"embeddable":true,"href":"https:\/\/colegiomariareina.cl\/2025\/wp-json\/wp\/v2\/media\/12651"}],"wp:attachment":[{"href":"https:\/\/colegiomariareina.cl\/2025\/wp-json\/wp\/v2\/media?parent=12648"}],"wp:term":[{"taxonomy":"category","embeddable":true,"href":"https:\/\/colegiomariareina.cl\/2025\/wp-json\/wp\/v2\/categories?post=12648"},{"taxonomy":"post_tag","embeddable":true,"href":"https:\/\/colegiomariareina.cl\/2025\/wp-json\/wp\/v2\/tags?post=12648"}],"curies":[{"name":"wp","href":"https:\/\/api.w.org\/{rel}","templated":true}]}}