{"id":12674,"date":"2018-11-30T16:41:42","date_gmt":"2018-11-30T16:41:42","guid":{"rendered":"http:\/\/www.colegiomariareina.cl\/web\/?p=12674"},"modified":"2018-11-30T16:41:42","modified_gmt":"2018-11-30T16:41:42","slug":"intervencion-taller-de-folclore-infantil-30-de-noviembre-de-2018","status":"publish","type":"post","link":"https:\/\/colegiomariareina.cl\/2025\/intervencion-taller-de-folclore-infantil-30-de-noviembre-de-2018\/","title":{"rendered":"INTERVENCI\u00d3N TALLER DE FOLCLORE INFANTIL &#8211; 30 DE  NOVIEMBRE DE 2018"},"content":{"rendered":"<h5>Durante los recreos de este viernes, el Taller de Folclore Infantil realiz\u00f3 una entretenida intervenci\u00f3n como finalizaci\u00f3n del taller, haciendo la invitaci\u00f3n a los ni\u00f1os y ni\u00f1as de Pre-Kinder a 6\u00ba b\u00e1sico a ser parte del taller en el a\u00f1o 2019.<\/h5>\n<p><a href=\"http:\/\/www.colegiomariareina.cl\/web\/wp-content\/uploads\/2018\/11\/IMG_7614.jpg\"><img loading=\"lazy\" decoding=\"async\" class=\"alignleft size-thumbnail wp-image-12675\" src=\"http:\/\/www.colegiomariareina.cl\/web\/wp-content\/uploads\/2018\/11\/IMG_7614-150x150.jpg\" alt=\"\" width=\"150\" height=\"150\" srcset=\"https:\/\/colegiomariareina.cl\/2025\/wp-content\/uploads\/2018\/11\/IMG_7614-150x150.jpg 150w, https:\/\/colegiomariareina.cl\/2025\/wp-content\/uploads\/2018\/11\/IMG_7614-65x65.jpg 65w, https:\/\/colegiomariareina.cl\/2025\/wp-content\/uploads\/2018\/11\/IMG_7614-570x570.jpg 570w, https:\/\/colegiomariareina.cl\/2025\/wp-content\/uploads\/2018\/11\/IMG_7614-270x270.jpg 270w\" sizes=\"auto, (max-width: 150px) 100vw, 150px\" \/><\/a><a href=\"http:\/\/www.colegiomariareina.cl\/web\/wp-content\/uploads\/2018\/11\/IMG_7618.jpg\"><img loading=\"lazy\" decoding=\"async\" class=\"alignleft size-thumbnail wp-image-12677\" src=\"http:\/\/www.colegiomariareina.cl\/web\/wp-content\/uploads\/2018\/11\/IMG_7618-150x150.jpg\" alt=\"\" width=\"150\" height=\"150\" srcset=\"https:\/\/colegiomariareina.cl\/2025\/wp-content\/uploads\/2018\/11\/IMG_7618-150x150.jpg 150w, https:\/\/colegiomariareina.cl\/2025\/wp-content\/uploads\/2018\/11\/IMG_7618-65x65.jpg 65w, https:\/\/colegiomariareina.cl\/2025\/wp-content\/uploads\/2018\/11\/IMG_7618-570x570.jpg 570w, https:\/\/colegiomariareina.cl\/2025\/wp-content\/uploads\/2018\/11\/IMG_7618-270x270.jpg 270w\" sizes=\"auto, (max-width: 150px) 100vw, 150px\" \/><\/a> <a href=\"http:\/\/www.colegiomariareina.cl\/web\/wp-content\/uploads\/2018\/11\/IMG_7619.jpg\"><img loading=\"lazy\" decoding=\"async\" class=\"alignleft size-thumbnail wp-image-12678\" src=\"http:\/\/www.colegiomariareina.cl\/web\/wp-content\/uploads\/2018\/11\/IMG_7619-150x150.jpg\" alt=\"\" width=\"150\" height=\"150\" srcset=\"https:\/\/colegiomariareina.cl\/2025\/wp-content\/uploads\/2018\/11\/IMG_7619-150x150.jpg 150w, https:\/\/colegiomariareina.cl\/2025\/wp-content\/uploads\/2018\/11\/IMG_7619-65x65.jpg 65w, https:\/\/colegiomariareina.cl\/2025\/wp-content\/uploads\/2018\/11\/IMG_7619-570x570.jpg 570w, https:\/\/colegiomariareina.cl\/2025\/wp-content\/uploads\/2018\/11\/IMG_7619-270x270.jpg 270w\" sizes=\"auto, (max-width: 150px) 100vw, 150px\" \/><\/a> <a href=\"http:\/\/www.colegiomariareina.cl\/web\/wp-content\/uploads\/2018\/11\/IMG_7620.jpg\"><img loading=\"lazy\" decoding=\"async\" class=\"alignleft size-thumbnail wp-image-12679\" src=\"http:\/\/www.colegiomariareina.cl\/web\/wp-content\/uploads\/2018\/11\/IMG_7620-150x150.jpg\" alt=\"\" width=\"150\" height=\"150\" srcset=\"https:\/\/colegiomariareina.cl\/2025\/wp-content\/uploads\/2018\/11\/IMG_7620-150x150.jpg 150w, https:\/\/colegiomariareina.cl\/2025\/wp-content\/uploads\/2018\/11\/IMG_7620-65x65.jpg 65w, https:\/\/colegiomariareina.cl\/2025\/wp-content\/uploads\/2018\/11\/IMG_7620-570x570.jpg 570w, https:\/\/colegiomariareina.cl\/2025\/wp-content\/uploads\/2018\/11\/IMG_7620-270x270.jpg 270w\" sizes=\"auto, (max-width: 150px) 100vw, 150px\" \/><\/a> <a href=\"http:\/\/www.colegiomariareina.cl\/web\/wp-content\/uploads\/2018\/11\/IMG_7621.jpg\"><img loading=\"lazy\" decoding=\"async\" class=\"alignleft size-thumbnail wp-image-12680\" src=\"http:\/\/www.colegiomariareina.cl\/web\/wp-content\/uploads\/2018\/11\/IMG_7621-150x150.jpg\" alt=\"\" width=\"150\" height=\"150\" srcset=\"https:\/\/colegiomariareina.cl\/2025\/wp-content\/uploads\/2018\/11\/IMG_7621-150x150.jpg 150w, https:\/\/colegiomariareina.cl\/2025\/wp-content\/uploads\/2018\/11\/IMG_7621-65x65.jpg 65w, https:\/\/colegiomariareina.cl\/2025\/wp-content\/uploads\/2018\/11\/IMG_7621-570x570.jpg 570w, https:\/\/colegiomariareina.cl\/2025\/wp-content\/uploads\/2018\/11\/IMG_7621-270x270.jpg 270w\" sizes=\"auto, (max-width: 150px) 100vw, 150px\" \/><\/a> <a href=\"http:\/\/www.colegiomariareina.cl\/web\/wp-content\/uploads\/2018\/11\/IMG_7622.jpg\"><img loading=\"lazy\" decoding=\"async\" class=\"alignleft size-thumbnail wp-image-12681\" src=\"http:\/\/www.colegiomariareina.cl\/web\/wp-content\/uploads\/2018\/11\/IMG_7622-150x150.jpg\" alt=\"\" width=\"150\" height=\"150\" srcset=\"https:\/\/colegiomariareina.cl\/2025\/wp-content\/uploads\/2018\/11\/IMG_7622-150x150.jpg 150w, https:\/\/colegiomariareina.cl\/2025\/wp-content\/uploads\/2018\/11\/IMG_7622-65x65.jpg 65w, https:\/\/colegiomariareina.cl\/2025\/wp-content\/uploads\/2018\/11\/IMG_7622-570x570.jpg 570w, https:\/\/colegiomariareina.cl\/2025\/wp-content\/uploads\/2018\/11\/IMG_7622-270x270.jpg 270w\" sizes=\"auto, (max-width: 150px) 100vw, 150px\" \/><\/a> <a href=\"http:\/\/www.colegiomariareina.cl\/web\/wp-content\/uploads\/2018\/11\/IMG_7623.jpg\"><img loading=\"lazy\" decoding=\"async\" class=\"alignleft size-thumbnail wp-image-12682\" src=\"http:\/\/www.colegiomariareina.cl\/web\/wp-content\/uploads\/2018\/11\/IMG_7623-150x150.jpg\" alt=\"\" width=\"150\" height=\"150\" srcset=\"https:\/\/colegiomariareina.cl\/2025\/wp-content\/uploads\/2018\/11\/IMG_7623-150x150.jpg 150w, https:\/\/colegiomariareina.cl\/2025\/wp-content\/uploads\/2018\/11\/IMG_7623-65x65.jpg 65w, https:\/\/colegiomariareina.cl\/2025\/wp-content\/uploads\/2018\/11\/IMG_7623-570x570.jpg 570w, https:\/\/colegiomariareina.cl\/2025\/wp-content\/uploads\/2018\/11\/IMG_7623-270x270.jpg 270w\" sizes=\"auto, (max-width: 150px) 100vw, 150px\" \/><\/a> <a href=\"http:\/\/www.colegiomariareina.cl\/web\/wp-content\/uploads\/2018\/11\/IMG_7624.jpg\"><img loading=\"lazy\" decoding=\"async\" class=\"alignleft size-thumbnail wp-image-12683\" src=\"http:\/\/www.colegiomariareina.cl\/web\/wp-content\/uploads\/2018\/11\/IMG_7624-150x150.jpg\" alt=\"\" width=\"150\" height=\"150\" srcset=\"https:\/\/colegiomariareina.cl\/2025\/wp-content\/uploads\/2018\/11\/IMG_7624-150x150.jpg 150w, https:\/\/colegiomariareina.cl\/2025\/wp-content\/uploads\/2018\/11\/IMG_7624-65x65.jpg 65w, https:\/\/colegiomariareina.cl\/2025\/wp-content\/uploads\/2018\/11\/IMG_7624-570x570.jpg 570w, https:\/\/colegiomariareina.cl\/2025\/wp-content\/uploads\/2018\/11\/IMG_7624-270x270.jpg 270w\" sizes=\"auto, (max-width: 150px) 100vw, 150px\" \/><\/a> <a href=\"http:\/\/www.colegiomariareina.cl\/web\/wp-content\/uploads\/2018\/11\/IMG_7625.jpg\"><img loading=\"lazy\" decoding=\"async\" class=\"alignleft size-thumbnail wp-image-12684\" src=\"http:\/\/www.colegiomariareina.cl\/web\/wp-content\/uploads\/2018\/11\/IMG_7625-150x150.jpg\" alt=\"\" width=\"150\" height=\"150\" srcset=\"https:\/\/colegiomariareina.cl\/2025\/wp-content\/uploads\/2018\/11\/IMG_7625-150x150.jpg 150w, https:\/\/colegiomariareina.cl\/2025\/wp-content\/uploads\/2018\/11\/IMG_7625-65x65.jpg 65w, https:\/\/colegiomariareina.cl\/2025\/wp-content\/uploads\/2018\/11\/IMG_7625-570x570.jpg 570w, https:\/\/colegiomariareina.cl\/2025\/wp-content\/uploads\/2018\/11\/IMG_7625-270x270.jpg 270w\" sizes=\"auto, (max-width: 150px) 100vw, 150px\" \/><\/a> <a href=\"http:\/\/www.colegiomariareina.cl\/web\/wp-content\/uploads\/2018\/11\/IMG_7626.jpg\"><img loading=\"lazy\" decoding=\"async\" class=\"alignleft size-thumbnail wp-image-12685\" src=\"http:\/\/www.colegiomariareina.cl\/web\/wp-content\/uploads\/2018\/11\/IMG_7626-150x150.jpg\" alt=\"\" width=\"150\" height=\"150\" srcset=\"https:\/\/colegiomariareina.cl\/2025\/wp-content\/uploads\/2018\/11\/IMG_7626-150x150.jpg 150w, https:\/\/colegiomariareina.cl\/2025\/wp-content\/uploads\/2018\/11\/IMG_7626-65x65.jpg 65w, https:\/\/colegiomariareina.cl\/2025\/wp-content\/uploads\/2018\/11\/IMG_7626-570x570.jpg 570w, https:\/\/colegiomariareina.cl\/2025\/wp-content\/uploads\/2018\/11\/IMG_7626-270x270.jpg 270w\" sizes=\"auto, (max-width: 150px) 100vw, 150px\" \/><\/a><\/p>\n<p>&nbsp;<\/p>\n","protected":false},"excerpt":{"rendered":"<p>Durante los recreos de este viernes, el Taller de Folclore Infantil realiz\u00f3 una entretenida intervenci\u00f3n como finalizaci\u00f3n del taller, haciendo la invitaci\u00f3n a los ni\u00f1os y ni\u00f1as de Pre-Kinder a 6\u00ba b\u00e1sico a ser parte del taller en el a\u00f1o 2019. &nbsp;<\/p>\n","protected":false},"author":2,"featured_media":12676,"comment_status":"open","ping_status":"open","sticky":false,"template":"","format":"standard","meta":{"_et_pb_use_builder":"","_et_pb_old_content":"","_et_gb_content_width":"","footnotes":""},"categories":[3],"tags":[],"class_list":["post-12674","post","type-post","status-publish","format-standard","has-post-thumbnail","hentry","category-noticias"],"_links":{"self":[{"href":"https:\/\/colegiomariareina.cl\/2025\/wp-json\/wp\/v2\/posts\/12674","targetHints":{"allow":["GET"]}}],"collection":[{"href":"https:\/\/colegiomariareina.cl\/2025\/wp-json\/wp\/v2\/posts"}],"about":[{"href":"https:\/\/colegiomariareina.cl\/2025\/wp-json\/wp\/v2\/types\/post"}],"author":[{"embeddable":true,"href":"https:\/\/colegiomariareina.cl\/2025\/wp-json\/wp\/v2\/users\/2"}],"replies":[{"embeddable":true,"href":"https:\/\/colegiomariareina.cl\/2025\/wp-json\/wp\/v2\/comments?post=12674"}],"version-history":[{"count":1,"href":"https:\/\/colegiomariareina.cl\/2025\/wp-json\/wp\/v2\/posts\/12674\/revisions"}],"predecessor-version":[{"id":12686,"href":"https:\/\/colegiomariareina.cl\/2025\/wp-json\/wp\/v2\/posts\/12674\/revisions\/12686"}],"wp:featuredmedia":[{"embeddable":true,"href":"https:\/\/colegiomariareina.cl\/2025\/wp-json\/wp\/v2\/media\/12676"}],"wp:attachment":[{"href":"https:\/\/colegiomariareina.cl\/2025\/wp-json\/wp\/v2\/media?parent=12674"}],"wp:term":[{"taxonomy":"category","embeddable":true,"href":"https:\/\/colegiomariareina.cl\/2025\/wp-json\/wp\/v2\/categories?post=12674"},{"taxonomy":"post_tag","embeddable":true,"href":"https:\/\/colegiomariareina.cl\/2025\/wp-json\/wp\/v2\/tags?post=12674"}],"curies":[{"name":"wp","href":"https:\/\/api.w.org\/{rel}","templated":true}]}}