{"id":12687,"date":"2018-12-06T22:31:17","date_gmt":"2018-12-06T22:31:17","guid":{"rendered":"http:\/\/www.colegiomariareina.cl\/web\/?p=12687"},"modified":"2018-12-07T15:36:28","modified_gmt":"2018-12-07T15:36:28","slug":"celebracion-de-navidad-6-de-diciembre-de-2018","status":"publish","type":"post","link":"https:\/\/colegiomariareina.cl\/2025\/celebracion-de-navidad-6-de-diciembre-de-2018\/","title":{"rendered":"CELEBRACI\u00d3N DE NAVIDAD &#8211; 6 DE DICIEMBRE DE 2018"},"content":{"rendered":"<h5>Cada a\u00f1o en tiempo de adviento, nuestra comunidad educativa dispone el esp\u00edritu con fe, esperanza, alegr\u00eda y amor para celebrar la Navidad, reuni\u00e9ndonos como familia Josefino-Trinitaria ofreciendo nuestra gratitud por todo bien recibido durante este 2018.<\/h5>\n<h5>Este jueves, nuestros ni\u00f1os, ni\u00f1as y j\u00f3venes presentaron con gran entusiasmo los tradicionales Villancicos, acontecimiento importante para celebrar juntos anticipadamente el nacimiento de Jes\u00fas.<\/h5>\n<h5>Invitamos a toda la comunidad<span class=\"text_exposed_show\">\u00a0educativa a presenciar la muestra de Villancicos, de los cursos faltantes y del personal del colegio, este lunes 10 a contar de las 18:30 horas<\/span><\/h5>\n<p>&nbsp;<\/p>\n","protected":false},"excerpt":{"rendered":"<p>Cada a\u00f1o en tiempo de adviento, nuestra comunidad educativa dispone el esp\u00edritu con fe, esperanza, alegr\u00eda y amor para celebrar la Navidad, reuni\u00e9ndonos como familia Josefino-Trinitaria ofreciendo nuestra gratitud por todo bien recibido durante este 2018. Este jueves, nuestros ni\u00f1os, ni\u00f1as y j\u00f3venes presentaron con gran entusiasmo los tradicionales Villancicos, acontecimiento importante para celebrar juntos [&hellip;]<\/p>\n","protected":false},"author":2,"featured_media":12688,"comment_status":"open","ping_status":"open","sticky":false,"template":"","format":"standard","meta":{"_et_pb_use_builder":"","_et_pb_old_content":"","_et_gb_content_width":"","footnotes":""},"categories":[3],"tags":[],"class_list":["post-12687","post","type-post","status-publish","format-standard","has-post-thumbnail","hentry","category-noticias"],"_links":{"self":[{"href":"https:\/\/colegiomariareina.cl\/2025\/wp-json\/wp\/v2\/posts\/12687","targetHints":{"allow":["GET"]}}],"collection":[{"href":"https:\/\/colegiomariareina.cl\/2025\/wp-json\/wp\/v2\/posts"}],"about":[{"href":"https:\/\/colegiomariareina.cl\/2025\/wp-json\/wp\/v2\/types\/post"}],"author":[{"embeddable":true,"href":"https:\/\/colegiomariareina.cl\/2025\/wp-json\/wp\/v2\/users\/2"}],"replies":[{"embeddable":true,"href":"https:\/\/colegiomariareina.cl\/2025\/wp-json\/wp\/v2\/comments?post=12687"}],"version-history":[{"count":1,"href":"https:\/\/colegiomariareina.cl\/2025\/wp-json\/wp\/v2\/posts\/12687\/revisions"}],"predecessor-version":[{"id":12705,"href":"https:\/\/colegiomariareina.cl\/2025\/wp-json\/wp\/v2\/posts\/12687\/revisions\/12705"}],"wp:featuredmedia":[{"embeddable":true,"href":"https:\/\/colegiomariareina.cl\/2025\/wp-json\/wp\/v2\/media\/12688"}],"wp:attachment":[{"href":"https:\/\/colegiomariareina.cl\/2025\/wp-json\/wp\/v2\/media?parent=12687"}],"wp:term":[{"taxonomy":"category","embeddable":true,"href":"https:\/\/colegiomariareina.cl\/2025\/wp-json\/wp\/v2\/categories?post=12687"},{"taxonomy":"post_tag","embeddable":true,"href":"https:\/\/colegiomariareina.cl\/2025\/wp-json\/wp\/v2\/tags?post=12687"}],"curies":[{"name":"wp","href":"https:\/\/api.w.org\/{rel}","templated":true}]}}