{"id":12718,"date":"2018-12-06T15:02:58","date_gmt":"2018-12-06T15:02:58","guid":{"rendered":"http:\/\/www.colegiomariareina.cl\/web\/?p=12718"},"modified":"2018-12-10T18:49:31","modified_gmt":"2018-12-10T18:49:31","slug":"12718","status":"publish","type":"post","link":"https:\/\/colegiomariareina.cl\/2025\/12718\/","title":{"rendered":"CHARLAS PARA ESTUDIANTES DE ENSE\u00d1ANZA MEDIA &#8211; 6 DE DICIEMBRE DE 2018"},"content":{"rendered":"<h5>Este jueves 6 de diciembre se realizaron dos charlas educativas en nuestro colegio, en primer lugar, se realiz\u00f3 la Charla de Biotecnolog\u00eda Agr\u00edcola,\u00a0dictada por especialistas de la Universidad Mayor a\u00a0 estudiantes de la Ense\u00f1anza media, quienes podr\u00e1n asistir durante el mes de enero a vivir la experiencia de utilizar sus habilidades investigadoras y procedimientos experimentales a nivel celular, bioqu\u00edmico, molecular y gen\u00f3mico para gestionar proyectos\u00a0 aplicando el m\u00e9todo cient\u00edfico y la normativa nacional e internacional vigente.<\/h5>\n<h5>Luego, en la Charla de Embalaje de\u00a0 la empresa ASER, dirigida por un joven emprendedor con vasta experiencia en embalajes industriales de madera, solucionando las diferentes problem\u00e1ticas que se presentan d\u00eda a d\u00eda en el despacho y traslado de productos, ya sean de alto tonelaje, livianos, fr\u00e1giles e inc\u00f3modos de proteger. En\u00a0 ella los j\u00f3venes de la especialidad Muebles y Terminaciones en Madera pudieron ver otros\u00a0 usos que les puede dar a\u00a0 la madera y c\u00f3mo se puede\u00a0 surgir con esfuerzo y perseverancia.<\/h5>\n<p><a href=\"http:\/\/www.colegiomariareina.cl\/web\/wp-content\/uploads\/2018\/12\/IMG_7819.jpg\"><img loading=\"lazy\" decoding=\"async\" class=\"alignleft size-thumbnail wp-image-12720\" src=\"http:\/\/www.colegiomariareina.cl\/web\/wp-content\/uploads\/2018\/12\/IMG_7819-150x150.jpg\" alt=\"\" width=\"150\" height=\"150\" srcset=\"https:\/\/colegiomariareina.cl\/2025\/wp-content\/uploads\/2018\/12\/IMG_7819-150x150.jpg 150w, https:\/\/colegiomariareina.cl\/2025\/wp-content\/uploads\/2018\/12\/IMG_7819-65x65.jpg 65w, https:\/\/colegiomariareina.cl\/2025\/wp-content\/uploads\/2018\/12\/IMG_7819-570x570.jpg 570w, https:\/\/colegiomariareina.cl\/2025\/wp-content\/uploads\/2018\/12\/IMG_7819-270x270.jpg 270w\" sizes=\"auto, (max-width: 150px) 100vw, 150px\" \/><\/a> <a href=\"http:\/\/www.colegiomariareina.cl\/web\/wp-content\/uploads\/2018\/12\/IMG_7820.jpg\"><img loading=\"lazy\" decoding=\"async\" class=\"alignleft size-thumbnail wp-image-12721\" src=\"http:\/\/www.colegiomariareina.cl\/web\/wp-content\/uploads\/2018\/12\/IMG_7820-150x150.jpg\" alt=\"\" width=\"150\" height=\"150\" srcset=\"https:\/\/colegiomariareina.cl\/2025\/wp-content\/uploads\/2018\/12\/IMG_7820-150x150.jpg 150w, https:\/\/colegiomariareina.cl\/2025\/wp-content\/uploads\/2018\/12\/IMG_7820-65x65.jpg 65w, https:\/\/colegiomariareina.cl\/2025\/wp-content\/uploads\/2018\/12\/IMG_7820-570x570.jpg 570w, https:\/\/colegiomariareina.cl\/2025\/wp-content\/uploads\/2018\/12\/IMG_7820-270x270.jpg 270w\" sizes=\"auto, (max-width: 150px) 100vw, 150px\" \/><\/a> <a href=\"http:\/\/www.colegiomariareina.cl\/web\/wp-content\/uploads\/2018\/12\/IMG_7821.jpg\"><img loading=\"lazy\" decoding=\"async\" class=\"alignleft size-thumbnail wp-image-12722\" src=\"http:\/\/www.colegiomariareina.cl\/web\/wp-content\/uploads\/2018\/12\/IMG_7821-150x150.jpg\" alt=\"\" width=\"150\" height=\"150\" srcset=\"https:\/\/colegiomariareina.cl\/2025\/wp-content\/uploads\/2018\/12\/IMG_7821-150x150.jpg 150w, https:\/\/colegiomariareina.cl\/2025\/wp-content\/uploads\/2018\/12\/IMG_7821-65x65.jpg 65w, https:\/\/colegiomariareina.cl\/2025\/wp-content\/uploads\/2018\/12\/IMG_7821-570x570.jpg 570w, https:\/\/colegiomariareina.cl\/2025\/wp-content\/uploads\/2018\/12\/IMG_7821-270x270.jpg 270w\" sizes=\"auto, (max-width: 150px) 100vw, 150px\" \/><\/a> <a href=\"http:\/\/www.colegiomariareina.cl\/web\/wp-content\/uploads\/2018\/12\/IMG_7975.jpg\"><img loading=\"lazy\" decoding=\"async\" class=\"alignleft size-thumbnail wp-image-12723\" src=\"http:\/\/www.colegiomariareina.cl\/web\/wp-content\/uploads\/2018\/12\/IMG_7975-150x150.jpg\" alt=\"\" width=\"150\" height=\"150\" srcset=\"https:\/\/colegiomariareina.cl\/2025\/wp-content\/uploads\/2018\/12\/IMG_7975-150x150.jpg 150w, https:\/\/colegiomariareina.cl\/2025\/wp-content\/uploads\/2018\/12\/IMG_7975-65x65.jpg 65w, https:\/\/colegiomariareina.cl\/2025\/wp-content\/uploads\/2018\/12\/IMG_7975-570x570.jpg 570w, https:\/\/colegiomariareina.cl\/2025\/wp-content\/uploads\/2018\/12\/IMG_7975-270x270.jpg 270w\" sizes=\"auto, (max-width: 150px) 100vw, 150px\" \/><\/a> <a href=\"http:\/\/www.colegiomariareina.cl\/web\/wp-content\/uploads\/2018\/12\/IMG_7976.jpg\"><img loading=\"lazy\" decoding=\"async\" class=\"alignleft size-thumbnail wp-image-12724\" src=\"http:\/\/www.colegiomariareina.cl\/web\/wp-content\/uploads\/2018\/12\/IMG_7976-150x150.jpg\" alt=\"\" width=\"150\" height=\"150\" srcset=\"https:\/\/colegiomariareina.cl\/2025\/wp-content\/uploads\/2018\/12\/IMG_7976-150x150.jpg 150w, https:\/\/colegiomariareina.cl\/2025\/wp-content\/uploads\/2018\/12\/IMG_7976-65x65.jpg 65w, https:\/\/colegiomariareina.cl\/2025\/wp-content\/uploads\/2018\/12\/IMG_7976-570x570.jpg 570w, https:\/\/colegiomariareina.cl\/2025\/wp-content\/uploads\/2018\/12\/IMG_7976-270x270.jpg 270w\" sizes=\"auto, (max-width: 150px) 100vw, 150px\" \/><\/a> <a href=\"http:\/\/www.colegiomariareina.cl\/web\/wp-content\/uploads\/2018\/12\/IMG_7977.jpg\"><img loading=\"lazy\" decoding=\"async\" class=\"alignleft size-thumbnail wp-image-12725\" src=\"http:\/\/www.colegiomariareina.cl\/web\/wp-content\/uploads\/2018\/12\/IMG_7977-150x150.jpg\" alt=\"\" width=\"150\" height=\"150\" srcset=\"https:\/\/colegiomariareina.cl\/2025\/wp-content\/uploads\/2018\/12\/IMG_7977-150x150.jpg 150w, https:\/\/colegiomariareina.cl\/2025\/wp-content\/uploads\/2018\/12\/IMG_7977-65x65.jpg 65w, https:\/\/colegiomariareina.cl\/2025\/wp-content\/uploads\/2018\/12\/IMG_7977-570x570.jpg 570w, https:\/\/colegiomariareina.cl\/2025\/wp-content\/uploads\/2018\/12\/IMG_7977-270x270.jpg 270w\" sizes=\"auto, (max-width: 150px) 100vw, 150px\" \/><\/a> <a href=\"http:\/\/www.colegiomariareina.cl\/web\/wp-content\/uploads\/2018\/12\/IMG_7978.jpg\"><img loading=\"lazy\" decoding=\"async\" class=\"alignleft size-thumbnail wp-image-12726\" src=\"http:\/\/www.colegiomariareina.cl\/web\/wp-content\/uploads\/2018\/12\/IMG_7978-150x150.jpg\" alt=\"\" width=\"150\" height=\"150\" srcset=\"https:\/\/colegiomariareina.cl\/2025\/wp-content\/uploads\/2018\/12\/IMG_7978-150x150.jpg 150w, https:\/\/colegiomariareina.cl\/2025\/wp-content\/uploads\/2018\/12\/IMG_7978-65x65.jpg 65w, https:\/\/colegiomariareina.cl\/2025\/wp-content\/uploads\/2018\/12\/IMG_7978-570x570.jpg 570w, https:\/\/colegiomariareina.cl\/2025\/wp-content\/uploads\/2018\/12\/IMG_7978-270x270.jpg 270w\" sizes=\"auto, (max-width: 150px) 100vw, 150px\" \/><\/a><\/p>\n","protected":false},"excerpt":{"rendered":"<p>Este jueves 6 de diciembre se realizaron dos charlas educativas en nuestro colegio, en primer lugar, se realiz\u00f3 la Charla de Biotecnolog\u00eda Agr\u00edcola,\u00a0dictada por especialistas de la Universidad Mayor a\u00a0 estudiantes de la Ense\u00f1anza media, quienes podr\u00e1n asistir durante el mes de enero a vivir la experiencia de utilizar sus habilidades investigadoras y procedimientos experimentales [&hellip;]<\/p>\n","protected":false},"author":2,"featured_media":12719,"comment_status":"open","ping_status":"open","sticky":false,"template":"","format":"standard","meta":{"_et_pb_use_builder":"","_et_pb_old_content":"","_et_gb_content_width":"","footnotes":""},"categories":[3],"tags":[],"class_list":["post-12718","post","type-post","status-publish","format-standard","has-post-thumbnail","hentry","category-noticias"],"_links":{"self":[{"href":"https:\/\/colegiomariareina.cl\/2025\/wp-json\/wp\/v2\/posts\/12718","targetHints":{"allow":["GET"]}}],"collection":[{"href":"https:\/\/colegiomariareina.cl\/2025\/wp-json\/wp\/v2\/posts"}],"about":[{"href":"https:\/\/colegiomariareina.cl\/2025\/wp-json\/wp\/v2\/types\/post"}],"author":[{"embeddable":true,"href":"https:\/\/colegiomariareina.cl\/2025\/wp-json\/wp\/v2\/users\/2"}],"replies":[{"embeddable":true,"href":"https:\/\/colegiomariareina.cl\/2025\/wp-json\/wp\/v2\/comments?post=12718"}],"version-history":[{"count":3,"href":"https:\/\/colegiomariareina.cl\/2025\/wp-json\/wp\/v2\/posts\/12718\/revisions"}],"predecessor-version":[{"id":12729,"href":"https:\/\/colegiomariareina.cl\/2025\/wp-json\/wp\/v2\/posts\/12718\/revisions\/12729"}],"wp:featuredmedia":[{"embeddable":true,"href":"https:\/\/colegiomariareina.cl\/2025\/wp-json\/wp\/v2\/media\/12719"}],"wp:attachment":[{"href":"https:\/\/colegiomariareina.cl\/2025\/wp-json\/wp\/v2\/media?parent=12718"}],"wp:term":[{"taxonomy":"category","embeddable":true,"href":"https:\/\/colegiomariareina.cl\/2025\/wp-json\/wp\/v2\/categories?post=12718"},{"taxonomy":"post_tag","embeddable":true,"href":"https:\/\/colegiomariareina.cl\/2025\/wp-json\/wp\/v2\/tags?post=12718"}],"curies":[{"name":"wp","href":"https:\/\/api.w.org\/{rel}","templated":true}]}}