{"id":12730,"date":"2018-12-10T22:34:35","date_gmt":"2018-12-10T22:34:35","guid":{"rendered":"http:\/\/www.colegiomariareina.cl\/web\/?p=12730"},"modified":"2018-12-12T19:04:07","modified_gmt":"2018-12-12T19:04:07","slug":"segundo-acto-de-navidad-10-de-diciembre-de-2018","status":"publish","type":"post","link":"https:\/\/colegiomariareina.cl\/2025\/segundo-acto-de-navidad-10-de-diciembre-de-2018\/","title":{"rendered":"SEGUNDO ACTO DE NAVIDAD &#8211; 10 DE DICIEMBRE DE 2018"},"content":{"rendered":"<h5>Nuestra comunidad educativa, en tiempos de adviento, dispone el esp\u00edritu para celebrar la Navidad, ofreciendo nuestra gratitud por todo bien recibido durante este 2018.<\/h5>\n<h5>Este lunes, nuestros ni\u00f1os, ni\u00f1as y j\u00f3venes presentaron con gran entusiasmo los tradicionales Villancicos, acontecimiento importante para celebrar juntos, como Familia Josefino-Trinitaria el nacimiento de Jes\u00fas.<\/h5>\n<h5>REVISA LA GALER\u00cdA FOTOGR\u00c1FICA COMPLETA AQU\u00cd:<\/h5>\n<p>https:\/\/www.facebook.com\/media\/set\/?set=a.2152307031701146&#038;type=1&#038;l=4732d5d9f8<\/p>\n","protected":false},"excerpt":{"rendered":"<p>Nuestra comunidad educativa, en tiempos de adviento, dispone el esp\u00edritu para celebrar la Navidad, ofreciendo nuestra gratitud por todo bien recibido durante este 2018. Este lunes, nuestros ni\u00f1os, ni\u00f1as y j\u00f3venes presentaron con gran entusiasmo los tradicionales Villancicos, acontecimiento importante para celebrar juntos, como Familia Josefino-Trinitaria el nacimiento de Jes\u00fas. REVISA LA GALER\u00cdA FOTOGR\u00c1FICA COMPLETA [&hellip;]<\/p>\n","protected":false},"author":2,"featured_media":12737,"comment_status":"open","ping_status":"open","sticky":false,"template":"","format":"standard","meta":{"_et_pb_use_builder":"","_et_pb_old_content":"","_et_gb_content_width":"","footnotes":""},"categories":[3],"tags":[],"class_list":["post-12730","post","type-post","status-publish","format-standard","has-post-thumbnail","hentry","category-noticias"],"_links":{"self":[{"href":"https:\/\/colegiomariareina.cl\/2025\/wp-json\/wp\/v2\/posts\/12730","targetHints":{"allow":["GET"]}}],"collection":[{"href":"https:\/\/colegiomariareina.cl\/2025\/wp-json\/wp\/v2\/posts"}],"about":[{"href":"https:\/\/colegiomariareina.cl\/2025\/wp-json\/wp\/v2\/types\/post"}],"author":[{"embeddable":true,"href":"https:\/\/colegiomariareina.cl\/2025\/wp-json\/wp\/v2\/users\/2"}],"replies":[{"embeddable":true,"href":"https:\/\/colegiomariareina.cl\/2025\/wp-json\/wp\/v2\/comments?post=12730"}],"version-history":[{"count":3,"href":"https:\/\/colegiomariareina.cl\/2025\/wp-json\/wp\/v2\/posts\/12730\/revisions"}],"predecessor-version":[{"id":12748,"href":"https:\/\/colegiomariareina.cl\/2025\/wp-json\/wp\/v2\/posts\/12730\/revisions\/12748"}],"wp:featuredmedia":[{"embeddable":true,"href":"https:\/\/colegiomariareina.cl\/2025\/wp-json\/wp\/v2\/media\/12737"}],"wp:attachment":[{"href":"https:\/\/colegiomariareina.cl\/2025\/wp-json\/wp\/v2\/media?parent=12730"}],"wp:term":[{"taxonomy":"category","embeddable":true,"href":"https:\/\/colegiomariareina.cl\/2025\/wp-json\/wp\/v2\/categories?post=12730"},{"taxonomy":"post_tag","embeddable":true,"href":"https:\/\/colegiomariareina.cl\/2025\/wp-json\/wp\/v2\/tags?post=12730"}],"curies":[{"name":"wp","href":"https:\/\/api.w.org\/{rel}","templated":true}]}}