{"id":12750,"date":"2018-12-11T19:28:35","date_gmt":"2018-12-11T19:28:35","guid":{"rendered":"http:\/\/www.colegiomariareina.cl\/web\/?p=12750"},"modified":"2019-01-03T14:55:56","modified_gmt":"2019-01-03T14:55:56","slug":"12750","status":"publish","type":"post","link":"https:\/\/colegiomariareina.cl\/2025\/12750\/","title":{"rendered":"T\u00c9RMINO DE A\u00d1O ESCOLAR 2018 &#8211; 11 DE DICIEMBRE  DE 2018"},"content":{"rendered":"<h5>Hemos culminado otro a\u00f1o, y es en este tiempo donde nos detenemos a pensar en todas las metas y objetivos que nos planteamos al inicio del a\u00f1o; el a\u00f1o 2018 fue un a\u00f1o de esfuerzo, de crecimiento val\u00f3rico e intelectual, fue un a\u00f1o que nos dej\u00f3 nuevas vivencias, sonrisas, sue\u00f1os y nuevas amistades y a\u00fan queda mucho por concretar. Es tiempo de crear un puente entre lo planeado y lo alcanzado, entre aquello que nos permiti\u00f3 ser mejores personas y lo que nos queda por trabajar todav\u00eda.<\/h5>\n<h5>Hoy termina un periodo m\u00e1s de este largo camino de la educaci\u00f3n, dando gracias a Dios por darnos la oportunidad de celebrar con aquellos estudiantes que sortearon con \u00e9xito este pelda\u00f1o con mesura y alegr\u00eda, pudiendo destacarlos en distintos \u00e1mbitos.<\/h5>\n<h5>Como colegio, queremos agradecer a todos quienes conforman esta comunidad educativa; a los Profesores, Asistentes de la Educaci\u00f3n y Directivos por su ense\u00f1anza y dedicaci\u00f3n; y a las Familias por su disponibilidad y por confiar en nuestro proyecto educativo.<\/h5>\n<h5>Que tengan una Feliz Navidad, pr\u00f3spero A\u00f1o Nuevo y unas reponedoras vacaciones.<\/h5>\n<h5>REVISA LA GALER\u00cdA FOTOGR\u00c1FICA COMPLETA AQU\u00cd:<\/h5>\n<h5><a href=\"https:\/\/www.facebook.com\/media\/set\/?set=a.2153264434938739&amp;type=1&amp;l=88b992c0c9\" target=\"_blank\" rel=\"noopener\">https:\/\/www.facebook.com\/media\/set\/?set=a.2153264434938739&amp;type=1&amp;l=88b992c0c9<\/a><\/h5>\n<p>&nbsp;<\/p>\n","protected":false},"excerpt":{"rendered":"<p>Hemos culminado otro a\u00f1o, y es en este tiempo donde nos detenemos a pensar en todas las metas y objetivos que nos planteamos al inicio del a\u00f1o; el a\u00f1o 2018 fue un a\u00f1o de esfuerzo, de crecimiento val\u00f3rico e intelectual, fue un a\u00f1o que nos dej\u00f3 nuevas vivencias, sonrisas, sue\u00f1os y nuevas amistades y a\u00fan [&hellip;]<\/p>\n","protected":false},"author":2,"featured_media":12755,"comment_status":"open","ping_status":"open","sticky":false,"template":"","format":"standard","meta":{"_et_pb_use_builder":"","_et_pb_old_content":"","_et_gb_content_width":"","footnotes":""},"categories":[3],"tags":[],"class_list":["post-12750","post","type-post","status-publish","format-standard","has-post-thumbnail","hentry","category-noticias"],"_links":{"self":[{"href":"https:\/\/colegiomariareina.cl\/2025\/wp-json\/wp\/v2\/posts\/12750","targetHints":{"allow":["GET"]}}],"collection":[{"href":"https:\/\/colegiomariareina.cl\/2025\/wp-json\/wp\/v2\/posts"}],"about":[{"href":"https:\/\/colegiomariareina.cl\/2025\/wp-json\/wp\/v2\/types\/post"}],"author":[{"embeddable":true,"href":"https:\/\/colegiomariareina.cl\/2025\/wp-json\/wp\/v2\/users\/2"}],"replies":[{"embeddable":true,"href":"https:\/\/colegiomariareina.cl\/2025\/wp-json\/wp\/v2\/comments?post=12750"}],"version-history":[{"count":3,"href":"https:\/\/colegiomariareina.cl\/2025\/wp-json\/wp\/v2\/posts\/12750\/revisions"}],"predecessor-version":[{"id":12754,"href":"https:\/\/colegiomariareina.cl\/2025\/wp-json\/wp\/v2\/posts\/12750\/revisions\/12754"}],"wp:featuredmedia":[{"embeddable":true,"href":"https:\/\/colegiomariareina.cl\/2025\/wp-json\/wp\/v2\/media\/12755"}],"wp:attachment":[{"href":"https:\/\/colegiomariareina.cl\/2025\/wp-json\/wp\/v2\/media?parent=12750"}],"wp:term":[{"taxonomy":"category","embeddable":true,"href":"https:\/\/colegiomariareina.cl\/2025\/wp-json\/wp\/v2\/categories?post=12750"},{"taxonomy":"post_tag","embeddable":true,"href":"https:\/\/colegiomariareina.cl\/2025\/wp-json\/wp\/v2\/tags?post=12750"}],"curies":[{"name":"wp","href":"https:\/\/api.w.org\/{rel}","templated":true}]}}