{"id":1316,"date":"2013-11-23T17:29:51","date_gmt":"2013-11-23T17:29:51","guid":{"rendered":"http:\/\/colegiomariareina.cl\/2013\/?p=1316"},"modified":"2013-11-23T17:29:51","modified_gmt":"2013-11-23T17:29:51","slug":"pastoral-juvenil-2013-15-de-noviembre","status":"publish","type":"post","link":"https:\/\/colegiomariareina.cl\/2025\/pastoral-juvenil-2013-15-de-noviembre\/","title":{"rendered":"Pastoral Juvenil 2013 &#8211; 15 de Noviembre"},"content":{"rendered":"<p><b>Pastoral Juvenil 2013<\/b>:<\/p>\n<p style=\"text-align: justify;\">La pastoral juvenil se re\u00fane todos los viernes a las 14.00 horas y realiza distintas actividades de formaci\u00f3n y de compartir con los dem\u00e1s. Sabemos que la fe se\u00a0fortalece en la medida que realicemos nos adentremos en el conocimiento de Jesucristo. Raz\u00f3n por la cual hemos querido compartir con los m\u00e1s peque\u00f1os una tarde diferente, oraci\u00f3n, reflexi\u00f3n y juegos.<\/p>\n<p style=\"text-align: justify;\"><a href=\"http:\/\/colegiomariareina.cl\/2013\/wp-content\/uploads\/2013\/11\/110.jpg\"><img loading=\"lazy\" decoding=\"async\" class=\"alignleft size-thumbnail wp-image-1317\" alt=\"1\" src=\"http:\/\/colegiomariareina.cl\/2013\/wp-content\/uploads\/2013\/11\/110-100x100.jpg\" width=\"100\" height=\"100\" \/><\/a> <a href=\"http:\/\/colegiomariareina.cl\/2013\/wp-content\/uploads\/2013\/11\/24.jpg\"><img loading=\"lazy\" decoding=\"async\" class=\"alignleft size-thumbnail wp-image-1318\" alt=\"2\" src=\"http:\/\/colegiomariareina.cl\/2013\/wp-content\/uploads\/2013\/11\/24-100x100.jpg\" width=\"100\" height=\"100\" \/><\/a> <a href=\"http:\/\/colegiomariareina.cl\/2013\/wp-content\/uploads\/2013\/11\/34.jpg\"><img loading=\"lazy\" decoding=\"async\" class=\"alignleft size-thumbnail wp-image-1319\" alt=\"3\" src=\"http:\/\/colegiomariareina.cl\/2013\/wp-content\/uploads\/2013\/11\/34-100x100.jpg\" width=\"100\" height=\"100\" \/><\/a> <a href=\"http:\/\/colegiomariareina.cl\/2013\/wp-content\/uploads\/2013\/11\/44.jpg\"><img loading=\"lazy\" decoding=\"async\" class=\"alignleft size-thumbnail wp-image-1320\" alt=\"4\" src=\"http:\/\/colegiomariareina.cl\/2013\/wp-content\/uploads\/2013\/11\/44-100x100.jpg\" width=\"100\" height=\"100\" \/><\/a><\/p>\n","protected":false},"excerpt":{"rendered":"<p>Pastoral Juvenil 2013: La pastoral juvenil se re\u00fane todos los viernes a las 14.00 horas y realiza distintas actividades de formaci\u00f3n y de compartir con los dem\u00e1s. Sabemos que la fe se\u00a0fortalece en la medida que realicemos nos adentremos en el conocimiento de Jesucristo. Raz\u00f3n por la cual hemos querido compartir con los m\u00e1s peque\u00f1os [&hellip;]<\/p>\n","protected":false},"author":1,"featured_media":1319,"comment_status":"open","ping_status":"open","sticky":false,"template":"","format":"standard","meta":{"_et_pb_use_builder":"","_et_pb_old_content":"","_et_gb_content_width":"","footnotes":""},"categories":[3],"tags":[],"class_list":["post-1316","post","type-post","status-publish","format-standard","has-post-thumbnail","hentry","category-noticias"],"_links":{"self":[{"href":"https:\/\/colegiomariareina.cl\/2025\/wp-json\/wp\/v2\/posts\/1316","targetHints":{"allow":["GET"]}}],"collection":[{"href":"https:\/\/colegiomariareina.cl\/2025\/wp-json\/wp\/v2\/posts"}],"about":[{"href":"https:\/\/colegiomariareina.cl\/2025\/wp-json\/wp\/v2\/types\/post"}],"author":[{"embeddable":true,"href":"https:\/\/colegiomariareina.cl\/2025\/wp-json\/wp\/v2\/users\/1"}],"replies":[{"embeddable":true,"href":"https:\/\/colegiomariareina.cl\/2025\/wp-json\/wp\/v2\/comments?post=1316"}],"version-history":[{"count":0,"href":"https:\/\/colegiomariareina.cl\/2025\/wp-json\/wp\/v2\/posts\/1316\/revisions"}],"wp:featuredmedia":[{"embeddable":true,"href":"https:\/\/colegiomariareina.cl\/2025\/wp-json\/wp\/v2\/media\/1319"}],"wp:attachment":[{"href":"https:\/\/colegiomariareina.cl\/2025\/wp-json\/wp\/v2\/media?parent=1316"}],"wp:term":[{"taxonomy":"category","embeddable":true,"href":"https:\/\/colegiomariareina.cl\/2025\/wp-json\/wp\/v2\/categories?post=1316"},{"taxonomy":"post_tag","embeddable":true,"href":"https:\/\/colegiomariareina.cl\/2025\/wp-json\/wp\/v2\/tags?post=1316"}],"curies":[{"name":"wp","href":"https:\/\/api.w.org\/{rel}","templated":true}]}}