{"id":1371,"date":"2013-11-23T17:58:02","date_gmt":"2013-11-23T17:58:02","guid":{"rendered":"http:\/\/colegiomariareina.cl\/2013\/?p=1371"},"modified":"2013-11-23T17:58:02","modified_gmt":"2013-11-23T17:58:02","slug":"acto-civico-2-ciclo-basico-18-de-noviembre","status":"publish","type":"post","link":"https:\/\/colegiomariareina.cl\/2025\/acto-civico-2-ciclo-basico-18-de-noviembre\/","title":{"rendered":"Acto 2\u00b0 Ciclo B\u00e1sico &#8211; 18 de Noviembre"},"content":{"rendered":"<p><b>Acto c\u00edvico del segundo ciclo b\u00e1sico:<\/b><\/p>\n<p>El mes de Noviembre resaltando el mes de mar\u00eda y destacando el valor del mes \u201cLa tolerancia\u201d,\u00a0 se realiz\u00f3 el acto c\u00edvico con distintos n\u00fameros art\u00edsticos y reflexiones que permitan al estudiante tomar conciencia de vivir en comunidad.<\/p>\n<p><a href=\"http:\/\/colegiomariareina.cl\/2013\/wp-content\/uploads\/2013\/11\/112.jpg\"><img loading=\"lazy\" decoding=\"async\" class=\"alignleft size-thumbnail wp-image-1372\" alt=\"1\" src=\"http:\/\/colegiomariareina.cl\/2013\/wp-content\/uploads\/2013\/11\/112-100x100.jpg\" width=\"100\" height=\"100\" \/><\/a> <a href=\"http:\/\/colegiomariareina.cl\/2013\/wp-content\/uploads\/2013\/11\/25.jpg\"><img loading=\"lazy\" decoding=\"async\" class=\"alignleft size-thumbnail wp-image-1373\" alt=\"2\" src=\"http:\/\/colegiomariareina.cl\/2013\/wp-content\/uploads\/2013\/11\/25-100x100.jpg\" width=\"100\" height=\"100\" \/><\/a> <a href=\"http:\/\/colegiomariareina.cl\/2013\/wp-content\/uploads\/2013\/11\/35.jpg\"><img loading=\"lazy\" decoding=\"async\" class=\"alignleft size-thumbnail wp-image-1374\" alt=\"3\" src=\"http:\/\/colegiomariareina.cl\/2013\/wp-content\/uploads\/2013\/11\/35-100x100.jpg\" width=\"100\" height=\"100\" \/><\/a> <a href=\"http:\/\/colegiomariareina.cl\/2013\/wp-content\/uploads\/2013\/11\/45.jpg\"><img loading=\"lazy\" decoding=\"async\" class=\"alignleft size-thumbnail wp-image-1375\" alt=\"4\" src=\"http:\/\/colegiomariareina.cl\/2013\/wp-content\/uploads\/2013\/11\/45-100x100.jpg\" width=\"100\" height=\"100\" \/><\/a> <a href=\"http:\/\/colegiomariareina.cl\/2013\/wp-content\/uploads\/2013\/11\/53.jpg\"><img loading=\"lazy\" decoding=\"async\" class=\"alignleft size-thumbnail wp-image-1376\" alt=\"5\" src=\"http:\/\/colegiomariareina.cl\/2013\/wp-content\/uploads\/2013\/11\/53-100x100.jpg\" width=\"100\" height=\"100\" \/><\/a> <a href=\"http:\/\/colegiomariareina.cl\/2013\/wp-content\/uploads\/2013\/11\/62.jpg\"><img loading=\"lazy\" decoding=\"async\" class=\"alignleft size-thumbnail wp-image-1377\" alt=\"6\" src=\"http:\/\/colegiomariareina.cl\/2013\/wp-content\/uploads\/2013\/11\/62-100x100.jpg\" width=\"100\" height=\"100\" \/><\/a><\/p>\n","protected":false},"excerpt":{"rendered":"<p>Acto c\u00edvico del segundo ciclo b\u00e1sico: El mes de Noviembre resaltando el mes de mar\u00eda y destacando el valor del mes \u201cLa tolerancia\u201d,\u00a0 se realiz\u00f3 el acto c\u00edvico con distintos n\u00fameros art\u00edsticos y reflexiones que permitan al estudiante tomar conciencia de vivir en comunidad.<\/p>\n","protected":false},"author":1,"featured_media":1376,"comment_status":"open","ping_status":"open","sticky":false,"template":"","format":"standard","meta":{"_et_pb_use_builder":"","_et_pb_old_content":"","_et_gb_content_width":"","footnotes":""},"categories":[3],"tags":[],"class_list":["post-1371","post","type-post","status-publish","format-standard","has-post-thumbnail","hentry","category-noticias"],"_links":{"self":[{"href":"https:\/\/colegiomariareina.cl\/2025\/wp-json\/wp\/v2\/posts\/1371","targetHints":{"allow":["GET"]}}],"collection":[{"href":"https:\/\/colegiomariareina.cl\/2025\/wp-json\/wp\/v2\/posts"}],"about":[{"href":"https:\/\/colegiomariareina.cl\/2025\/wp-json\/wp\/v2\/types\/post"}],"author":[{"embeddable":true,"href":"https:\/\/colegiomariareina.cl\/2025\/wp-json\/wp\/v2\/users\/1"}],"replies":[{"embeddable":true,"href":"https:\/\/colegiomariareina.cl\/2025\/wp-json\/wp\/v2\/comments?post=1371"}],"version-history":[{"count":0,"href":"https:\/\/colegiomariareina.cl\/2025\/wp-json\/wp\/v2\/posts\/1371\/revisions"}],"wp:featuredmedia":[{"embeddable":true,"href":"https:\/\/colegiomariareina.cl\/2025\/wp-json\/wp\/v2\/media\/1376"}],"wp:attachment":[{"href":"https:\/\/colegiomariareina.cl\/2025\/wp-json\/wp\/v2\/media?parent=1371"}],"wp:term":[{"taxonomy":"category","embeddable":true,"href":"https:\/\/colegiomariareina.cl\/2025\/wp-json\/wp\/v2\/categories?post=1371"},{"taxonomy":"post_tag","embeddable":true,"href":"https:\/\/colegiomariareina.cl\/2025\/wp-json\/wp\/v2\/tags?post=1371"}],"curies":[{"name":"wp","href":"https:\/\/api.w.org\/{rel}","templated":true}]}}