{"id":1431,"date":"2013-11-23T18:09:50","date_gmt":"2013-11-23T18:09:50","guid":{"rendered":"http:\/\/colegiomariareina.cl\/2013\/?p=1431"},"modified":"2013-11-23T18:09:50","modified_gmt":"2013-11-23T18:09:50","slug":"acto-8-a-2-medio-dia-de-la-diversidad-11-de-noviembre","status":"publish","type":"post","link":"https:\/\/colegiomariareina.cl\/2025\/acto-8-a-2-medio-dia-de-la-diversidad-11-de-noviembre\/","title":{"rendered":"Acto 8\u00b0 a 2\u00b0 Medio D\u00eda de la Diversidad &#8211; 11 de Noviembre"},"content":{"rendered":"<p>&nbsp;<\/p>\n<p><b>Educar en la Diversidad:<\/b><\/p>\n<p style=\"text-align: justify;\">El ser humano el hecho de ser distintos nos hacen diversos, por eso es fundamental que la educaci\u00f3n sea integral, que los estudiantes conozcan que existen ni\u00f1os y j\u00f3venes que aprenden distintos y se comunican de manera distinta. La experiencia nos ense\u00f1a que la aceptaci\u00f3n de la diversidad nos hace crecer en dignidad, el grupo que acompa\u00f1\u00f3 el acto c\u00edvico\u00a0 nos permiti\u00f3 darse cuenta que se puede convivir con los dem\u00e1s.<\/p>\n<p>\u00a0<a href=\"http:\/\/colegiomariareina.cl\/2013\/wp-content\/uploads\/2013\/11\/47.jpg\"><img loading=\"lazy\" decoding=\"async\" class=\"alignleft size-thumbnail wp-image-1451\" alt=\"4\" src=\"http:\/\/colegiomariareina.cl\/2013\/wp-content\/uploads\/2013\/11\/47-100x100.jpg\" width=\"100\" height=\"100\" \/><\/a> <a href=\"http:\/\/colegiomariareina.cl\/2013\/wp-content\/uploads\/2013\/11\/27.jpg\"><img loading=\"lazy\" decoding=\"async\" class=\"alignleft size-thumbnail wp-image-1449\" alt=\"2\" src=\"http:\/\/colegiomariareina.cl\/2013\/wp-content\/uploads\/2013\/11\/27-100x100.jpg\" width=\"100\" height=\"100\" \/><\/a> <a href=\"http:\/\/colegiomariareina.cl\/2013\/wp-content\/uploads\/2013\/11\/63.jpg\"><img loading=\"lazy\" decoding=\"async\" class=\"alignleft size-thumbnail wp-image-1447\" alt=\"6\" src=\"http:\/\/colegiomariareina.cl\/2013\/wp-content\/uploads\/2013\/11\/63-100x100.jpg\" width=\"100\" height=\"100\" \/><\/a> <a href=\"http:\/\/colegiomariareina.cl\/2013\/wp-content\/uploads\/2013\/11\/114.jpg\"><img loading=\"lazy\" decoding=\"async\" class=\"alignleft size-thumbnail wp-image-1448\" alt=\"1\" src=\"http:\/\/colegiomariareina.cl\/2013\/wp-content\/uploads\/2013\/11\/114-100x100.jpg\" width=\"100\" height=\"100\" \/><\/a><\/p>\n","protected":false},"excerpt":{"rendered":"<p>&nbsp; Educar en la Diversidad: El ser humano el hecho de ser distintos nos hacen diversos, por eso es fundamental que la educaci\u00f3n sea integral, que los estudiantes conozcan que existen ni\u00f1os y j\u00f3venes que aprenden distintos y se comunican de manera distinta. La experiencia nos ense\u00f1a que la aceptaci\u00f3n de la diversidad nos hace [&hellip;]<\/p>\n","protected":false},"author":1,"featured_media":1448,"comment_status":"open","ping_status":"open","sticky":false,"template":"","format":"standard","meta":{"_et_pb_use_builder":"","_et_pb_old_content":"","_et_gb_content_width":"","footnotes":""},"categories":[3],"tags":[],"class_list":["post-1431","post","type-post","status-publish","format-standard","has-post-thumbnail","hentry","category-noticias"],"_links":{"self":[{"href":"https:\/\/colegiomariareina.cl\/2025\/wp-json\/wp\/v2\/posts\/1431","targetHints":{"allow":["GET"]}}],"collection":[{"href":"https:\/\/colegiomariareina.cl\/2025\/wp-json\/wp\/v2\/posts"}],"about":[{"href":"https:\/\/colegiomariareina.cl\/2025\/wp-json\/wp\/v2\/types\/post"}],"author":[{"embeddable":true,"href":"https:\/\/colegiomariareina.cl\/2025\/wp-json\/wp\/v2\/users\/1"}],"replies":[{"embeddable":true,"href":"https:\/\/colegiomariareina.cl\/2025\/wp-json\/wp\/v2\/comments?post=1431"}],"version-history":[{"count":0,"href":"https:\/\/colegiomariareina.cl\/2025\/wp-json\/wp\/v2\/posts\/1431\/revisions"}],"wp:featuredmedia":[{"embeddable":true,"href":"https:\/\/colegiomariareina.cl\/2025\/wp-json\/wp\/v2\/media\/1448"}],"wp:attachment":[{"href":"https:\/\/colegiomariareina.cl\/2025\/wp-json\/wp\/v2\/media?parent=1431"}],"wp:term":[{"taxonomy":"category","embeddable":true,"href":"https:\/\/colegiomariareina.cl\/2025\/wp-json\/wp\/v2\/categories?post=1431"},{"taxonomy":"post_tag","embeddable":true,"href":"https:\/\/colegiomariareina.cl\/2025\/wp-json\/wp\/v2\/tags?post=1431"}],"curies":[{"name":"wp","href":"https:\/\/api.w.org\/{rel}","templated":true}]}}