{"id":1481,"date":"2013-11-26T15:13:31","date_gmt":"2013-11-26T15:13:31","guid":{"rendered":"http:\/\/colegiomariareina.cl\/2013\/?p=1481"},"modified":"2013-11-26T15:13:31","modified_gmt":"2013-11-26T15:13:31","slug":"eucaristia-mes-de-maria-12-de-noviembre","status":"publish","type":"post","link":"https:\/\/colegiomariareina.cl\/2025\/eucaristia-mes-de-maria-12-de-noviembre\/","title":{"rendered":"Eucaristia Mes de Mar\u00eda  &#8211; 12 de Noviembre"},"content":{"rendered":"<p><b>Mes de Mar\u00eda:<\/b><\/p>\n<p style=\"text-align: justify;\">La madre, \u201cMadre del amor hermoso\u201d la llamaba el Padre Eladio a\u00a0Mar\u00eda, nunca puede faltar en nuestro Colegio, ella gu\u00eda y acompa\u00f1a el caminar educativo. Toda la comunidad educativa da inicio al mes de Mar\u00eda con la Eucarist\u00eda, porque sabemos que intercede ante su hijo por cada uno de nosotros.<\/p>\n<p style=\"text-align: justify;\"><a href=\"http:\/\/colegiomariareina.cl\/2013\/wp-content\/uploads\/2013\/11\/116.jpg\"><img loading=\"lazy\" decoding=\"async\" class=\"alignleft size-thumbnail wp-image-1482\" alt=\"1\" src=\"http:\/\/colegiomariareina.cl\/2013\/wp-content\/uploads\/2013\/11\/116-100x100.jpg\" width=\"100\" height=\"100\" \/><\/a> <a href=\"http:\/\/colegiomariareina.cl\/2013\/wp-content\/uploads\/2013\/11\/29.jpg\"><img loading=\"lazy\" decoding=\"async\" class=\"alignleft size-thumbnail wp-image-1483\" alt=\"2\" src=\"http:\/\/colegiomariareina.cl\/2013\/wp-content\/uploads\/2013\/11\/29-100x100.jpg\" width=\"100\" height=\"100\" \/><\/a> <a href=\"http:\/\/colegiomariareina.cl\/2013\/wp-content\/uploads\/2013\/11\/38.jpg\"><img loading=\"lazy\" decoding=\"async\" class=\"alignleft size-thumbnail wp-image-1484\" alt=\"3\" src=\"http:\/\/colegiomariareina.cl\/2013\/wp-content\/uploads\/2013\/11\/38-100x100.jpg\" width=\"100\" height=\"100\" \/><\/a> <a href=\"http:\/\/colegiomariareina.cl\/2013\/wp-content\/uploads\/2013\/11\/48.jpg\"><img loading=\"lazy\" decoding=\"async\" class=\"alignleft size-thumbnail wp-image-1485\" alt=\"4\" src=\"http:\/\/colegiomariareina.cl\/2013\/wp-content\/uploads\/2013\/11\/48-100x100.jpg\" width=\"100\" height=\"100\" \/><\/a><\/p>\n","protected":false},"excerpt":{"rendered":"<p>Mes de Mar\u00eda: La madre, \u201cMadre del amor hermoso\u201d la llamaba el Padre Eladio a\u00a0Mar\u00eda, nunca puede faltar en nuestro Colegio, ella gu\u00eda y acompa\u00f1a el caminar educativo. Toda la comunidad educativa da inicio al mes de Mar\u00eda con la Eucarist\u00eda, porque sabemos que intercede ante su hijo por cada uno de nosotros.<\/p>\n","protected":false},"author":1,"featured_media":0,"comment_status":"open","ping_status":"open","sticky":false,"template":"","format":"standard","meta":{"_et_pb_use_builder":"","_et_pb_old_content":"","_et_gb_content_width":"","footnotes":""},"categories":[3],"tags":[],"class_list":["post-1481","post","type-post","status-publish","format-standard","hentry","category-noticias"],"_links":{"self":[{"href":"https:\/\/colegiomariareina.cl\/2025\/wp-json\/wp\/v2\/posts\/1481","targetHints":{"allow":["GET"]}}],"collection":[{"href":"https:\/\/colegiomariareina.cl\/2025\/wp-json\/wp\/v2\/posts"}],"about":[{"href":"https:\/\/colegiomariareina.cl\/2025\/wp-json\/wp\/v2\/types\/post"}],"author":[{"embeddable":true,"href":"https:\/\/colegiomariareina.cl\/2025\/wp-json\/wp\/v2\/users\/1"}],"replies":[{"embeddable":true,"href":"https:\/\/colegiomariareina.cl\/2025\/wp-json\/wp\/v2\/comments?post=1481"}],"version-history":[{"count":0,"href":"https:\/\/colegiomariareina.cl\/2025\/wp-json\/wp\/v2\/posts\/1481\/revisions"}],"wp:attachment":[{"href":"https:\/\/colegiomariareina.cl\/2025\/wp-json\/wp\/v2\/media?parent=1481"}],"wp:term":[{"taxonomy":"category","embeddable":true,"href":"https:\/\/colegiomariareina.cl\/2025\/wp-json\/wp\/v2\/categories?post=1481"},{"taxonomy":"post_tag","embeddable":true,"href":"https:\/\/colegiomariareina.cl\/2025\/wp-json\/wp\/v2\/tags?post=1481"}],"curies":[{"name":"wp","href":"https:\/\/api.w.org\/{rel}","templated":true}]}}