{"id":15030,"date":"2020-12-02T18:20:07","date_gmt":"2020-12-02T18:20:07","guid":{"rendered":"http:\/\/www.colegiomariareina.cl\/web\/?p=15030"},"modified":"2020-12-07T15:25:58","modified_gmt":"2020-12-07T15:25:58","slug":"revalida-tu-tne-2-de-diciembre-de-2020","status":"publish","type":"post","link":"https:\/\/colegiomariareina.cl\/2025\/revalida-tu-tne-2-de-diciembre-de-2020\/","title":{"rendered":"REVALIDA TU TNE"},"content":{"rendered":"<div class=\"kvgmc6g5 cxmmr5t8 oygrvhab hcukyx3x c1et5uql ii04i59q\">\n<h5 dir=\"auto\">Informamos a toda nuestra Comunidad Educativa, en especial a los 6tos, 7mos y 8vos B\u00e1sicos y 2dos, 3ros y 4tos Medios, que este viernes 4 de Diciembre, entre las 11:00 y las 13:00 horas en el Centro Educacional Isla de Maipo (CEIM), desde JUNAEB estar\u00e1n pegando los sellos 2021, de la Tarjeta Nacional Estudiantil (TNE).<\/h5>\n<\/div>\n<div dir=\"auto\">Recordamos a nuestros estudiantes y sus familias, que el uso de mascarilla es obligatorio, debe asistir solo una persona para realizar el tr\u00e1mite, no olviden llevar la TNE del a\u00f1o anterior y si no pueden asistir, signifca que deber\u00e1n realizar el tr\u00e1mite posteriormente en Santiago. El revalidar la TNE hace efectiva la gratuidad o rebaja en el pago de la tarifa de la locomoci\u00f3n colectiva.<\/div>\n<div class=\"o9v6fnle cxmmr5t8 oygrvhab hcukyx3x c1et5uql ii04i59q\">\n<h5 dir=\"auto\">Ay\u00fadanos a difundir.<\/h5>\n<h5 dir=\"auto\">\u00a1Comparte!<\/h5>\n<\/div>\n","protected":false},"excerpt":{"rendered":"<p>Informamos a toda nuestra Comunidad Educativa, en especial a los 6tos, 7mos y 8vos B\u00e1sicos y 2dos, 3ros y 4tos Medios, que este viernes 4 de Diciembre, entre las 11:00 y las 13:00 horas en el Centro Educacional Isla de Maipo (CEIM), desde JUNAEB estar\u00e1n pegando los sellos 2021, de la Tarjeta Nacional Estudiantil (TNE). [&hellip;]<\/p>\n","protected":false},"author":2,"featured_media":15031,"comment_status":"open","ping_status":"open","sticky":false,"template":"","format":"standard","meta":{"_et_pb_use_builder":"","_et_pb_old_content":"","_et_gb_content_width":"","footnotes":""},"categories":[3],"tags":[],"class_list":["post-15030","post","type-post","status-publish","format-standard","has-post-thumbnail","hentry","category-noticias"],"_links":{"self":[{"href":"https:\/\/colegiomariareina.cl\/2025\/wp-json\/wp\/v2\/posts\/15030","targetHints":{"allow":["GET"]}}],"collection":[{"href":"https:\/\/colegiomariareina.cl\/2025\/wp-json\/wp\/v2\/posts"}],"about":[{"href":"https:\/\/colegiomariareina.cl\/2025\/wp-json\/wp\/v2\/types\/post"}],"author":[{"embeddable":true,"href":"https:\/\/colegiomariareina.cl\/2025\/wp-json\/wp\/v2\/users\/2"}],"replies":[{"embeddable":true,"href":"https:\/\/colegiomariareina.cl\/2025\/wp-json\/wp\/v2\/comments?post=15030"}],"version-history":[{"count":2,"href":"https:\/\/colegiomariareina.cl\/2025\/wp-json\/wp\/v2\/posts\/15030\/revisions"}],"predecessor-version":[{"id":15033,"href":"https:\/\/colegiomariareina.cl\/2025\/wp-json\/wp\/v2\/posts\/15030\/revisions\/15033"}],"wp:featuredmedia":[{"embeddable":true,"href":"https:\/\/colegiomariareina.cl\/2025\/wp-json\/wp\/v2\/media\/15031"}],"wp:attachment":[{"href":"https:\/\/colegiomariareina.cl\/2025\/wp-json\/wp\/v2\/media?parent=15030"}],"wp:term":[{"taxonomy":"category","embeddable":true,"href":"https:\/\/colegiomariareina.cl\/2025\/wp-json\/wp\/v2\/categories?post=15030"},{"taxonomy":"post_tag","embeddable":true,"href":"https:\/\/colegiomariareina.cl\/2025\/wp-json\/wp\/v2\/tags?post=15030"}],"curies":[{"name":"wp","href":"https:\/\/api.w.org\/{rel}","templated":true}]}}