{"id":1536,"date":"2013-12-11T15:16:57","date_gmt":"2013-12-11T15:16:57","guid":{"rendered":"http:\/\/colegiomariareina.cl\/2013\/?p=1536"},"modified":"2013-12-11T15:16:57","modified_gmt":"2013-12-11T15:16:57","slug":"invitacion-celebracion-jesus-2013","status":"publish","type":"post","link":"https:\/\/colegiomariareina.cl\/2025\/invitacion-celebracion-jesus-2013\/","title":{"rendered":"Invitaci\u00f3n Homenaje al Ni\u00f1o Jes\u00fas 2013"},"content":{"rendered":"<p><a href=\"http:\/\/colegiomariareina.cl\/2013\/wp-content\/uploads\/2013\/12\/invitacion.jpg\"><img loading=\"lazy\" decoding=\"async\" class=\"alignleft size-thumbnail wp-image-1534\" alt=\"invitacion\" src=\"http:\/\/colegiomariareina.cl\/2013\/wp-content\/uploads\/2013\/12\/invitacion-82x100.jpg\" width=\"82\" height=\"100\" \/><\/a><\/p>\n<h1><b><i>\u00a0\u00a0\u00a0\u00a0\u00a0\u00a0\u00a0\u00a0 Bendito el Se\u00f1or Dios de Israel<\/i><\/b><i><\/i><\/h1>\n<p><b><i>\u00a0\u00a0\u00a0\u00a0\u00a0\u00a0\u00a0\u00a0\u00a0\u00a0\u00a0\u00a0\u00a0\u00a0\u00a0\u00a0\u00a0\u00a0\u00a0 Porque ha visitado y redimido a su pueblo<\/i><\/b><b> (Lc 1, 68)<\/b><i><\/i><\/p>\n<p>&nbsp;<\/p>\n<p align=\"center\"><b>Bel\u00e9n es un homenaje de esperanza para el hombre que la ha perdido.<\/b><\/p>\n<p align=\"center\"><b>Mensaje de <i>Amor<\/i> ante un mundo materializado y ego\u00edsta,<\/b><\/p>\n<p align=\"center\"><b>Mensaje de Paz\u00a0 en una sociedad enfrentada,<\/b><\/p>\n<p align=\"center\"><b>Mensaje de Ilusi\u00f3n para el hombre desanimado y vac\u00edo de aspiraciones,<\/b><\/p>\n<p align=\"center\"><b>Mensaje de Fe para todos a quienes la fe mueve a penas la vida.<\/b><\/p>\n<p align=\"center\"><b>Necesitamos abrir el coraz\u00f3n de par en par para que Dios nazca en nuestra vida<\/b><\/p>\n<p align=\"center\"><b>\u00a0Y nos llene de \u00e1nimo, amor y esperanza<\/b>.<\/p>\n<p>Estimadas familias, con gozo y deseando compartir con todas Ustedes la alegr\u00eda de esta Navidad, les invitamos a celebrar con toda la Comunidad Educativa y nuestros \u00a0estudiantes, sus hijos, el homenaje que le hacemos al Ni\u00f1o Jes\u00fas\u00a0 en la celebraci\u00f3n de su cumplea\u00f1os y\u00a0 su llega cada d\u00eda a nuestras vidas para que nunca nos falte la fe, esperanza y el amor que\u00a0 \u00c9l nos trajo con su Encarnaci\u00f3n.<\/p>\n<p><b>Este jueves 12 a las 19 horas<\/b>, \u00a0compartiremos con todas las familias Josefino-Trinitarias, esta gran fiesta. \u00a1NO FALTEN!<\/p>\n<p>Al mismo tiempo les recordamos algunas fechas que son de mucha importancia para cerrar el proceso escolar de sus hijos.<\/p>\n<p><b>El viernes 13<\/b> es el \u00faltimo d\u00eda de clases para los alumnos de 1\u00b0 b\u00e1sico a 3\u00b0 Medio, donde terminaremos con la premiaci\u00f3n de alumnos destacados. El retiro de alumnos del colegio se realizar\u00e1 a las 12,30 horas.<\/p>\n<p><b>El lunes 16<\/b>\u00a0 se cierra el proceso de renovaci\u00f3n de matr\u00edcula del 2014 para todos los alumnos que no tienen procesos pendientes; Por medio de sus hijos se ha enviado informaci\u00f3n. Solicitamos no dejarlo para \u00faltima hora para evitar horas de espera en la atenci\u00f3n.<\/p>\n<p><b>S\u00f3lo\u00a0 el\u00a0 lunes 23<\/b>\u00a0 en la ma\u00f1ana se har\u00e1 entrega de documentos: notas, informes, por parte del profesor Tutor.<\/p>\n<p>&nbsp;<\/p>\n<p align=\"center\">Les esperamos para recibir juntos la bendici\u00f3n de Jes\u00fas, nuestro Salvador<\/p>\n<p align=\"center\">Hna. M\u00b0 Dolores Alija<\/p>\n<p align=\"center\">Directora<\/p>\n","protected":false},"excerpt":{"rendered":"<p>\u00a0\u00a0\u00a0\u00a0\u00a0\u00a0\u00a0\u00a0 Bendito el Se\u00f1or Dios de Israel \u00a0\u00a0\u00a0\u00a0\u00a0\u00a0\u00a0\u00a0\u00a0\u00a0\u00a0\u00a0\u00a0\u00a0\u00a0\u00a0\u00a0\u00a0\u00a0 Porque ha visitado y redimido a su pueblo (Lc 1, 68) &nbsp; Bel\u00e9n es un homenaje de esperanza para el hombre que la ha perdido. Mensaje de Amor ante un mundo materializado y ego\u00edsta, Mensaje de Paz\u00a0 en una sociedad enfrentada, Mensaje de Ilusi\u00f3n para el hombre [&hellip;]<\/p>\n","protected":false},"author":1,"featured_media":0,"comment_status":"open","ping_status":"open","sticky":false,"template":"","format":"standard","meta":{"_et_pb_use_builder":"","_et_pb_old_content":"","_et_gb_content_width":"","footnotes":""},"categories":[3],"tags":[],"class_list":["post-1536","post","type-post","status-publish","format-standard","hentry","category-noticias"],"_links":{"self":[{"href":"https:\/\/colegiomariareina.cl\/2025\/wp-json\/wp\/v2\/posts\/1536","targetHints":{"allow":["GET"]}}],"collection":[{"href":"https:\/\/colegiomariareina.cl\/2025\/wp-json\/wp\/v2\/posts"}],"about":[{"href":"https:\/\/colegiomariareina.cl\/2025\/wp-json\/wp\/v2\/types\/post"}],"author":[{"embeddable":true,"href":"https:\/\/colegiomariareina.cl\/2025\/wp-json\/wp\/v2\/users\/1"}],"replies":[{"embeddable":true,"href":"https:\/\/colegiomariareina.cl\/2025\/wp-json\/wp\/v2\/comments?post=1536"}],"version-history":[{"count":0,"href":"https:\/\/colegiomariareina.cl\/2025\/wp-json\/wp\/v2\/posts\/1536\/revisions"}],"wp:attachment":[{"href":"https:\/\/colegiomariareina.cl\/2025\/wp-json\/wp\/v2\/media?parent=1536"}],"wp:term":[{"taxonomy":"category","embeddable":true,"href":"https:\/\/colegiomariareina.cl\/2025\/wp-json\/wp\/v2\/categories?post=1536"},{"taxonomy":"post_tag","embeddable":true,"href":"https:\/\/colegiomariareina.cl\/2025\/wp-json\/wp\/v2\/tags?post=1536"}],"curies":[{"name":"wp","href":"https:\/\/api.w.org\/{rel}","templated":true}]}}