{"id":1686,"date":"2014-03-28T15:56:32","date_gmt":"2014-03-28T15:56:32","guid":{"rendered":"http:\/\/colegiomariareina.cl\/2013\/?p=1686"},"modified":"2018-06-08T21:36:15","modified_gmt":"2018-06-08T21:36:15","slug":"inicio-del-ano-escolar-2014","status":"publish","type":"post","link":"https:\/\/colegiomariareina.cl\/2025\/inicio-del-ano-escolar-2014\/","title":{"rendered":"Inicio del a\u00f1o Escolar 2014"},"content":{"rendered":"<p><b>Inicio del a\u00f1o Escolar:<\/b><\/p>\n<p>Iniciamos el 2014 con ilusi\u00f3n en estos 50 a\u00f1os de presencia del carisma Josefino Trinitario en este pueblo. Los estudiantes llegan con ilusi\u00f3n y entusiasmo para comenzar el nuevo reto que trae el a\u00f1o.<\/p>\n<p><a href=\"http:\/\/colegiomariareina.cl\/2013\/wp-content\/uploads\/2014\/03\/DSC00471.jpg\"><img loading=\"lazy\" decoding=\"async\" class=\"alignleft size-thumbnail wp-image-1685\" alt=\"DSC00471\" src=\"http:\/\/colegiomariareina.cl\/2013\/wp-content\/uploads\/2014\/03\/DSC00471-100x100.jpg\" width=\"100\" height=\"100\" \/><\/a> <a href=\"http:\/\/colegiomariareina.cl\/2013\/wp-content\/uploads\/2014\/03\/DSC00322.jpg\"><img loading=\"lazy\" decoding=\"async\" class=\"alignleft size-thumbnail wp-image-1684\" alt=\"DSC00322\" src=\"http:\/\/colegiomariareina.cl\/2013\/wp-content\/uploads\/2014\/03\/DSC00322-100x100.jpg\" width=\"100\" height=\"100\" \/><\/a> <a href=\"http:\/\/colegiomariareina.cl\/2013\/wp-content\/uploads\/2014\/03\/DSC00321.jpg\"><img loading=\"lazy\" decoding=\"async\" class=\"alignleft size-thumbnail wp-image-1683\" alt=\"DSC00321\" src=\"http:\/\/colegiomariareina.cl\/2013\/wp-content\/uploads\/2014\/03\/DSC00321-100x100.jpg\" width=\"100\" height=\"100\" \/><\/a> <a href=\"http:\/\/colegiomariareina.cl\/2013\/wp-content\/uploads\/2014\/03\/DSC00320.jpg\"><img loading=\"lazy\" decoding=\"async\" class=\"alignleft size-thumbnail wp-image-1682\" alt=\"DSC00320\" src=\"http:\/\/colegiomariareina.cl\/2013\/wp-content\/uploads\/2014\/03\/DSC00320-100x100.jpg\" width=\"100\" height=\"100\" \/><\/a><\/p>\n<p>&nbsp;<\/p>\n","protected":false},"excerpt":{"rendered":"<p>Inicio del a\u00f1o Escolar: Iniciamos el 2014 con ilusi\u00f3n en estos 50 a\u00f1os de presencia del carisma Josefino Trinitario en este pueblo. Los estudiantes llegan con ilusi\u00f3n y entusiasmo para comenzar el nuevo reto que trae el a\u00f1o. &nbsp;<\/p>\n","protected":false},"author":1,"featured_media":1684,"comment_status":"open","ping_status":"open","sticky":false,"template":"","format":"standard","meta":{"_et_pb_use_builder":"","_et_pb_old_content":"","_et_gb_content_width":"","footnotes":""},"categories":[3],"tags":[],"class_list":["post-1686","post","type-post","status-publish","format-standard","has-post-thumbnail","hentry","category-noticias"],"_links":{"self":[{"href":"https:\/\/colegiomariareina.cl\/2025\/wp-json\/wp\/v2\/posts\/1686","targetHints":{"allow":["GET"]}}],"collection":[{"href":"https:\/\/colegiomariareina.cl\/2025\/wp-json\/wp\/v2\/posts"}],"about":[{"href":"https:\/\/colegiomariareina.cl\/2025\/wp-json\/wp\/v2\/types\/post"}],"author":[{"embeddable":true,"href":"https:\/\/colegiomariareina.cl\/2025\/wp-json\/wp\/v2\/users\/1"}],"replies":[{"embeddable":true,"href":"https:\/\/colegiomariareina.cl\/2025\/wp-json\/wp\/v2\/comments?post=1686"}],"version-history":[{"count":1,"href":"https:\/\/colegiomariareina.cl\/2025\/wp-json\/wp\/v2\/posts\/1686\/revisions"}],"predecessor-version":[{"id":10600,"href":"https:\/\/colegiomariareina.cl\/2025\/wp-json\/wp\/v2\/posts\/1686\/revisions\/10600"}],"wp:featuredmedia":[{"embeddable":true,"href":"https:\/\/colegiomariareina.cl\/2025\/wp-json\/wp\/v2\/media\/1684"}],"wp:attachment":[{"href":"https:\/\/colegiomariareina.cl\/2025\/wp-json\/wp\/v2\/media?parent=1686"}],"wp:term":[{"taxonomy":"category","embeddable":true,"href":"https:\/\/colegiomariareina.cl\/2025\/wp-json\/wp\/v2\/categories?post=1686"},{"taxonomy":"post_tag","embeddable":true,"href":"https:\/\/colegiomariareina.cl\/2025\/wp-json\/wp\/v2\/tags?post=1686"}],"curies":[{"name":"wp","href":"https:\/\/api.w.org\/{rel}","templated":true}]}}