{"id":1729,"date":"2014-04-04T21:10:27","date_gmt":"2014-04-04T21:10:27","guid":{"rendered":"http:\/\/colegiomariareina.cl\/2013\/?p=1729"},"modified":"2014-04-04T21:10:27","modified_gmt":"2014-04-04T21:10:27","slug":"eucaristia-de-san-jose","status":"publish","type":"post","link":"https:\/\/colegiomariareina.cl\/2025\/eucaristia-de-san-jose\/","title":{"rendered":"Eucarist\u00eda de San Jos\u00e9"},"content":{"rendered":"<h2>Eucarist\u00eda de San Jos\u00e9:<\/h2>\n<p>\u00a0\u00a0\u00a0\u00a0\u00a0 El mi\u00e9rcoles 19, con la Eucarist\u00eda de san Jos\u00e9 se dio inicio de manera oficial al a\u00f1o escolar 2014. Es una oportunidad para agradecer a Dios por la misi\u00f3n que nos permite seguir realizando en este pueblo de Isla de Maipo. En la celebraci\u00f3n participaron los estudiantes, profesores y las hermanas que unidos encomendamos la protecci\u00f3n del Colegio al Patrono san Jos\u00e9, \u201cProtege Padre nuestro colegio\u2026\u201d<\/p>\n<p><a href=\"http:\/\/colegiomariareina.cl\/2013\/wp-content\/uploads\/2014\/04\/DSC00672.jpg\"><img loading=\"lazy\" decoding=\"async\" class=\"alignleft size-thumbnail wp-image-1728\" alt=\"DSC00672\" src=\"http:\/\/colegiomariareina.cl\/2013\/wp-content\/uploads\/2014\/04\/DSC00672-100x100.jpg\" width=\"100\" height=\"100\" \/><\/a> <a href=\"http:\/\/colegiomariareina.cl\/2013\/wp-content\/uploads\/2014\/04\/DSC00654.jpg\"><img loading=\"lazy\" decoding=\"async\" class=\"alignleft size-thumbnail wp-image-1727\" alt=\"DSC00654\" src=\"http:\/\/colegiomariareina.cl\/2013\/wp-content\/uploads\/2014\/04\/DSC00654-100x100.jpg\" width=\"100\" height=\"100\" \/><\/a> <a href=\"http:\/\/colegiomariareina.cl\/2013\/wp-content\/uploads\/2014\/04\/DSC00619.jpg\"><img loading=\"lazy\" decoding=\"async\" class=\"alignleft size-thumbnail wp-image-1726\" alt=\"DSC00619\" src=\"http:\/\/colegiomariareina.cl\/2013\/wp-content\/uploads\/2014\/04\/DSC00619-100x100.jpg\" width=\"100\" height=\"100\" \/><\/a> <a href=\"http:\/\/colegiomariareina.cl\/2013\/wp-content\/uploads\/2014\/04\/DSC00596.jpg\"><img loading=\"lazy\" decoding=\"async\" class=\"alignleft size-thumbnail wp-image-1725\" alt=\"DSC00596\" src=\"http:\/\/colegiomariareina.cl\/2013\/wp-content\/uploads\/2014\/04\/DSC00596-100x100.jpg\" width=\"100\" height=\"100\" \/><\/a> <a href=\"http:\/\/colegiomariareina.cl\/2013\/wp-content\/uploads\/2014\/04\/DSC00592.jpg\"><img loading=\"lazy\" decoding=\"async\" class=\"alignleft size-thumbnail wp-image-1724\" alt=\"DSC00592\" src=\"http:\/\/colegiomariareina.cl\/2013\/wp-content\/uploads\/2014\/04\/DSC00592-100x100.jpg\" width=\"100\" height=\"100\" \/><\/a> <a href=\"http:\/\/colegiomariareina.cl\/2013\/wp-content\/uploads\/2014\/04\/DSC00584.jpg\"><img loading=\"lazy\" decoding=\"async\" class=\"alignleft size-thumbnail wp-image-1723\" alt=\"DSC00584\" src=\"http:\/\/colegiomariareina.cl\/2013\/wp-content\/uploads\/2014\/04\/DSC00584-100x100.jpg\" width=\"100\" height=\"100\" \/><\/a> <a href=\"http:\/\/colegiomariareina.cl\/2013\/wp-content\/uploads\/2014\/04\/DSC00573.jpg\"><img loading=\"lazy\" decoding=\"async\" class=\"alignleft size-thumbnail wp-image-1722\" alt=\"DSC00573\" src=\"http:\/\/colegiomariareina.cl\/2013\/wp-content\/uploads\/2014\/04\/DSC00573-100x100.jpg\" width=\"100\" height=\"100\" \/><\/a> <a href=\"http:\/\/colegiomariareina.cl\/2013\/wp-content\/uploads\/2014\/04\/DSC00561.jpg\"><img loading=\"lazy\" decoding=\"async\" class=\"alignleft size-thumbnail wp-image-1721\" alt=\"DSC00561\" src=\"http:\/\/colegiomariareina.cl\/2013\/wp-content\/uploads\/2014\/04\/DSC00561-100x100.jpg\" width=\"100\" height=\"100\" \/><\/a><\/p>\n<p>&nbsp;<\/p>\n","protected":false},"excerpt":{"rendered":"<p>Eucarist\u00eda de San Jos\u00e9: \u00a0\u00a0\u00a0\u00a0\u00a0 El mi\u00e9rcoles 19, con la Eucarist\u00eda de san Jos\u00e9 se dio inicio de manera oficial al a\u00f1o escolar 2014. Es una oportunidad para agradecer a Dios por la misi\u00f3n que nos permite seguir realizando en este pueblo de Isla de Maipo. En la celebraci\u00f3n participaron los estudiantes, profesores y las [&hellip;]<\/p>\n","protected":false},"author":1,"featured_media":1726,"comment_status":"open","ping_status":"open","sticky":false,"template":"","format":"standard","meta":{"_et_pb_use_builder":"","_et_pb_old_content":"","_et_gb_content_width":"","footnotes":""},"categories":[3],"tags":[],"class_list":["post-1729","post","type-post","status-publish","format-standard","has-post-thumbnail","hentry","category-noticias"],"_links":{"self":[{"href":"https:\/\/colegiomariareina.cl\/2025\/wp-json\/wp\/v2\/posts\/1729","targetHints":{"allow":["GET"]}}],"collection":[{"href":"https:\/\/colegiomariareina.cl\/2025\/wp-json\/wp\/v2\/posts"}],"about":[{"href":"https:\/\/colegiomariareina.cl\/2025\/wp-json\/wp\/v2\/types\/post"}],"author":[{"embeddable":true,"href":"https:\/\/colegiomariareina.cl\/2025\/wp-json\/wp\/v2\/users\/1"}],"replies":[{"embeddable":true,"href":"https:\/\/colegiomariareina.cl\/2025\/wp-json\/wp\/v2\/comments?post=1729"}],"version-history":[{"count":0,"href":"https:\/\/colegiomariareina.cl\/2025\/wp-json\/wp\/v2\/posts\/1729\/revisions"}],"wp:featuredmedia":[{"embeddable":true,"href":"https:\/\/colegiomariareina.cl\/2025\/wp-json\/wp\/v2\/media\/1726"}],"wp:attachment":[{"href":"https:\/\/colegiomariareina.cl\/2025\/wp-json\/wp\/v2\/media?parent=1729"}],"wp:term":[{"taxonomy":"category","embeddable":true,"href":"https:\/\/colegiomariareina.cl\/2025\/wp-json\/wp\/v2\/categories?post=1729"},{"taxonomy":"post_tag","embeddable":true,"href":"https:\/\/colegiomariareina.cl\/2025\/wp-json\/wp\/v2\/tags?post=1729"}],"curies":[{"name":"wp","href":"https:\/\/api.w.org\/{rel}","templated":true}]}}