{"id":1738,"date":"2014-04-04T21:14:16","date_gmt":"2014-04-04T21:14:16","guid":{"rendered":"http:\/\/colegiomariareina.cl\/2013\/?p=1738"},"modified":"2014-04-04T21:14:16","modified_gmt":"2014-04-04T21:14:16","slug":"titulacion-alumnos-egresados-el-ano-2012","status":"publish","type":"post","link":"https:\/\/colegiomariareina.cl\/2025\/titulacion-alumnos-egresados-el-ano-2012\/","title":{"rendered":"Titulaci\u00f3n Alumnos Egresados el A\u00f1o 2012"},"content":{"rendered":"<p><b>Titulaci\u00f3n:<\/b><\/p>\n<p style=\"text-align: justify;\">\u00a0\u00a0\u00a0\u00a0 El jueves 20 se realizaron las titulaciones de la generaci\u00f3n 2012. Con esta ceremonia se cierra el proceso de formaci\u00f3n, en el colegio, de los estudiantes. La mayor\u00eda de los estudiantes despu\u00e9s de cumplir con todos los requisitos que exige el Ministerio de Educaci\u00f3n para los Colegios t\u00e9cnicos profesionales, la pr\u00e1ctica de la especialidad, contin\u00faan su formaci\u00f3n en Institutos superiores o Universidades, siguiendo as\u00ed la especializaci\u00f3n de aquella especialidad que han elegido.\u00a0\u00a0\u00a0\u00a0<\/p>\n<p style=\"text-align: justify;\"><a href=\"http:\/\/colegiomariareina.cl\/2013\/wp-content\/uploads\/2014\/04\/DSC00785.jpg\"><img loading=\"lazy\" decoding=\"async\" class=\"alignleft size-thumbnail wp-image-1737\" alt=\"DSC00785\" src=\"http:\/\/colegiomariareina.cl\/2013\/wp-content\/uploads\/2014\/04\/DSC00785-100x100.jpg\" width=\"100\" height=\"100\" \/><\/a> <a href=\"http:\/\/colegiomariareina.cl\/2013\/wp-content\/uploads\/2014\/04\/DSC00777.jpg\"><img loading=\"lazy\" decoding=\"async\" class=\"alignleft size-thumbnail wp-image-1736\" alt=\"DSC00777\" src=\"http:\/\/colegiomariareina.cl\/2013\/wp-content\/uploads\/2014\/04\/DSC00777-100x100.jpg\" width=\"100\" height=\"100\" \/><\/a> <a href=\"http:\/\/colegiomariareina.cl\/2013\/wp-content\/uploads\/2014\/04\/DSC00760.jpg\"><img loading=\"lazy\" decoding=\"async\" class=\"alignleft size-thumbnail wp-image-1735\" alt=\"DSC00760\" src=\"http:\/\/colegiomariareina.cl\/2013\/wp-content\/uploads\/2014\/04\/DSC00760-100x100.jpg\" width=\"100\" height=\"100\" \/><\/a> <a href=\"http:\/\/colegiomariareina.cl\/2013\/wp-content\/uploads\/2014\/04\/DSC00745.jpg\"><img loading=\"lazy\" decoding=\"async\" class=\"alignleft size-thumbnail wp-image-1734\" alt=\"DSC00745\" src=\"http:\/\/colegiomariareina.cl\/2013\/wp-content\/uploads\/2014\/04\/DSC00745-100x100.jpg\" width=\"100\" height=\"100\" \/><\/a> <a href=\"http:\/\/colegiomariareina.cl\/2013\/wp-content\/uploads\/2014\/04\/DSC00726.jpg\"><img loading=\"lazy\" decoding=\"async\" class=\"alignleft size-thumbnail wp-image-1732\" alt=\"DSC00726\" src=\"http:\/\/colegiomariareina.cl\/2013\/wp-content\/uploads\/2014\/04\/DSC00726-100x100.jpg\" width=\"100\" height=\"100\" \/><\/a><\/p>\n","protected":false},"excerpt":{"rendered":"<p>Titulaci\u00f3n: \u00a0\u00a0\u00a0\u00a0 El jueves 20 se realizaron las titulaciones de la generaci\u00f3n 2012. Con esta ceremonia se cierra el proceso de formaci\u00f3n, en el colegio, de los estudiantes. La mayor\u00eda de los estudiantes despu\u00e9s de cumplir con todos los requisitos que exige el Ministerio de Educaci\u00f3n para los Colegios t\u00e9cnicos profesionales, la pr\u00e1ctica de la [&hellip;]<\/p>\n","protected":false},"author":1,"featured_media":1736,"comment_status":"open","ping_status":"open","sticky":false,"template":"","format":"standard","meta":{"_et_pb_use_builder":"","_et_pb_old_content":"","_et_gb_content_width":"","footnotes":""},"categories":[3],"tags":[],"class_list":["post-1738","post","type-post","status-publish","format-standard","has-post-thumbnail","hentry","category-noticias"],"_links":{"self":[{"href":"https:\/\/colegiomariareina.cl\/2025\/wp-json\/wp\/v2\/posts\/1738","targetHints":{"allow":["GET"]}}],"collection":[{"href":"https:\/\/colegiomariareina.cl\/2025\/wp-json\/wp\/v2\/posts"}],"about":[{"href":"https:\/\/colegiomariareina.cl\/2025\/wp-json\/wp\/v2\/types\/post"}],"author":[{"embeddable":true,"href":"https:\/\/colegiomariareina.cl\/2025\/wp-json\/wp\/v2\/users\/1"}],"replies":[{"embeddable":true,"href":"https:\/\/colegiomariareina.cl\/2025\/wp-json\/wp\/v2\/comments?post=1738"}],"version-history":[{"count":0,"href":"https:\/\/colegiomariareina.cl\/2025\/wp-json\/wp\/v2\/posts\/1738\/revisions"}],"wp:featuredmedia":[{"embeddable":true,"href":"https:\/\/colegiomariareina.cl\/2025\/wp-json\/wp\/v2\/media\/1736"}],"wp:attachment":[{"href":"https:\/\/colegiomariareina.cl\/2025\/wp-json\/wp\/v2\/media?parent=1738"}],"wp:term":[{"taxonomy":"category","embeddable":true,"href":"https:\/\/colegiomariareina.cl\/2025\/wp-json\/wp\/v2\/categories?post=1738"},{"taxonomy":"post_tag","embeddable":true,"href":"https:\/\/colegiomariareina.cl\/2025\/wp-json\/wp\/v2\/tags?post=1738"}],"curies":[{"name":"wp","href":"https:\/\/api.w.org\/{rel}","templated":true}]}}