{"id":1810,"date":"2014-04-24T01:07:35","date_gmt":"2014-04-24T01:07:35","guid":{"rendered":"http:\/\/colegiomariareina.cl\/2013\/?p=1810"},"modified":"2014-04-24T01:07:35","modified_gmt":"2014-04-24T01:07:35","slug":"semana-santa-2014-domingo-de-ramos-13-de-abril-2014","status":"publish","type":"post","link":"https:\/\/colegiomariareina.cl\/2025\/semana-santa-2014-domingo-de-ramos-13-de-abril-2014\/","title":{"rendered":"SEMANA SANTA 2014 &#8211; Domingo de Ramos &#8211; 13 de Abril"},"content":{"rendered":"<p><b>Domingo de Ramos:<\/b><\/p>\n<p style=\"text-align: justify;\">\u00a0\u00a0\u00a0\u00a0\u00a0\u00a0\u00a0\u00a0 El domingo 13 de abril, las puertas del colegio se abren para que la comunidad de Isla de Maipo celebre el domingo de ramos en el Gimnasio del establecimiento. Asisten mucha gente para recordar y vivir la entrada triunfal de Jes\u00fas en Jerusal\u00e9n. Por eso los asistentes de la educaci\u00f3n junto con las hermanas preparan el lugar para la ocasi\u00f3n.\u00a0\u00a0<\/p>\n<p style=\"text-align: justify;\">\u00a0<a href=\"http:\/\/colegiomariareina.cl\/2013\/wp-content\/uploads\/2014\/04\/DSC009901.jpg\"><img loading=\"lazy\" decoding=\"async\" class=\"alignleft size-thumbnail wp-image-1825\" alt=\"DSC00990\" src=\"http:\/\/colegiomariareina.cl\/2013\/wp-content\/uploads\/2014\/04\/DSC009901-100x100.jpg\" width=\"100\" height=\"100\" \/><\/a> <a href=\"http:\/\/colegiomariareina.cl\/2013\/wp-content\/uploads\/2014\/04\/DSC01031.jpg\"><img loading=\"lazy\" decoding=\"async\" class=\"alignleft size-thumbnail wp-image-1824\" alt=\"DSC01031\" src=\"http:\/\/colegiomariareina.cl\/2013\/wp-content\/uploads\/2014\/04\/DSC01031-100x100.jpg\" width=\"100\" height=\"100\" \/><\/a> <a href=\"http:\/\/colegiomariareina.cl\/2013\/wp-content\/uploads\/2014\/04\/DSC01011.jpg\"><img loading=\"lazy\" decoding=\"async\" class=\"alignleft size-thumbnail wp-image-1820\" alt=\"DSC01011\" src=\"http:\/\/colegiomariareina.cl\/2013\/wp-content\/uploads\/2014\/04\/DSC01011-100x100.jpg\" width=\"100\" height=\"100\" \/><\/a> <a href=\"http:\/\/colegiomariareina.cl\/2013\/wp-content\/uploads\/2014\/04\/DSC01003.jpg\"><img loading=\"lazy\" decoding=\"async\" class=\"alignleft size-thumbnail wp-image-1819\" alt=\"DSC01003\" src=\"http:\/\/colegiomariareina.cl\/2013\/wp-content\/uploads\/2014\/04\/DSC01003-100x100.jpg\" width=\"100\" height=\"100\" \/><\/a> <a href=\"http:\/\/colegiomariareina.cl\/2013\/wp-content\/uploads\/2014\/04\/DSC009941.jpg\"><img loading=\"lazy\" decoding=\"async\" class=\"alignleft size-thumbnail wp-image-1826\" alt=\"DSC00994\" src=\"http:\/\/colegiomariareina.cl\/2013\/wp-content\/uploads\/2014\/04\/DSC009941-100x100.jpg\" width=\"100\" height=\"100\" \/><\/a> <a href=\"http:\/\/colegiomariareina.cl\/2013\/wp-content\/uploads\/2014\/04\/DSC009951.jpg\"><img loading=\"lazy\" decoding=\"async\" class=\"alignleft size-thumbnail wp-image-1827\" alt=\"DSC00995\" src=\"http:\/\/colegiomariareina.cl\/2013\/wp-content\/uploads\/2014\/04\/DSC009951-100x100.jpg\" width=\"100\" height=\"100\" \/><\/a> <a href=\"http:\/\/colegiomariareina.cl\/2013\/wp-content\/uploads\/2014\/04\/DSC01002.jpg\"><img loading=\"lazy\" decoding=\"async\" class=\"alignleft size-thumbnail wp-image-1818\" alt=\"DSC01002\" src=\"http:\/\/colegiomariareina.cl\/2013\/wp-content\/uploads\/2014\/04\/DSC01002-100x100.jpg\" width=\"100\" height=\"100\" \/><\/a> <a href=\"http:\/\/colegiomariareina.cl\/2013\/wp-content\/uploads\/2014\/04\/DSC01024.jpg\"><img loading=\"lazy\" decoding=\"async\" class=\"alignleft size-thumbnail wp-image-1823\" alt=\"DSC01024\" src=\"http:\/\/colegiomariareina.cl\/2013\/wp-content\/uploads\/2014\/04\/DSC01024-100x100.jpg\" width=\"100\" height=\"100\" \/><\/a> <a href=\"http:\/\/colegiomariareina.cl\/2013\/wp-content\/uploads\/2014\/04\/DSC01022.jpg\"><img loading=\"lazy\" decoding=\"async\" class=\"alignleft size-thumbnail wp-image-1822\" alt=\"DSC01022\" src=\"http:\/\/colegiomariareina.cl\/2013\/wp-content\/uploads\/2014\/04\/DSC01022-100x100.jpg\" width=\"100\" height=\"100\" \/><\/a> <a href=\"http:\/\/colegiomariareina.cl\/2013\/wp-content\/uploads\/2014\/04\/DSC01019.jpg\"><img loading=\"lazy\" decoding=\"async\" class=\"alignleft size-thumbnail wp-image-1821\" alt=\"DSC01019\" src=\"http:\/\/colegiomariareina.cl\/2013\/wp-content\/uploads\/2014\/04\/DSC01019-100x100.jpg\" width=\"100\" height=\"100\" \/><\/a> <a href=\"http:\/\/colegiomariareina.cl\/2013\/wp-content\/uploads\/2014\/04\/DSC01000.jpg\"><img loading=\"lazy\" decoding=\"async\" class=\"alignleft size-thumbnail wp-image-1816\" alt=\"DSC01000\" src=\"http:\/\/colegiomariareina.cl\/2013\/wp-content\/uploads\/2014\/04\/DSC01000-100x100.jpg\" width=\"100\" height=\"100\" \/><\/a> <a href=\"http:\/\/colegiomariareina.cl\/2013\/wp-content\/uploads\/2014\/04\/DSC01001.jpg\"><img loading=\"lazy\" decoding=\"async\" class=\"alignleft size-thumbnail wp-image-1817\" alt=\"DSC01001\" src=\"http:\/\/colegiomariareina.cl\/2013\/wp-content\/uploads\/2014\/04\/DSC01001-100x100.jpg\" width=\"100\" height=\"100\" \/><\/a><\/p>\n<p style=\"text-align: justify;\">\u00a0\u00a0\u00a0\u00a0\u00a0\u00a0\u00a0\u00a0<\/p>\n","protected":false},"excerpt":{"rendered":"<p>Domingo de Ramos: \u00a0\u00a0\u00a0\u00a0\u00a0\u00a0\u00a0\u00a0 El domingo 13 de abril, las puertas del colegio se abren para que la comunidad de Isla de Maipo celebre el domingo de ramos en el Gimnasio del establecimiento. Asisten mucha gente para recordar y vivir la entrada triunfal de Jes\u00fas en Jerusal\u00e9n. Por eso los asistentes de la educaci\u00f3n junto [&hellip;]<\/p>\n","protected":false},"author":1,"featured_media":1825,"comment_status":"open","ping_status":"open","sticky":false,"template":"","format":"standard","meta":{"_et_pb_use_builder":"","_et_pb_old_content":"","_et_gb_content_width":"","footnotes":""},"categories":[3],"tags":[],"class_list":["post-1810","post","type-post","status-publish","format-standard","has-post-thumbnail","hentry","category-noticias"],"_links":{"self":[{"href":"https:\/\/colegiomariareina.cl\/2025\/wp-json\/wp\/v2\/posts\/1810","targetHints":{"allow":["GET"]}}],"collection":[{"href":"https:\/\/colegiomariareina.cl\/2025\/wp-json\/wp\/v2\/posts"}],"about":[{"href":"https:\/\/colegiomariareina.cl\/2025\/wp-json\/wp\/v2\/types\/post"}],"author":[{"embeddable":true,"href":"https:\/\/colegiomariareina.cl\/2025\/wp-json\/wp\/v2\/users\/1"}],"replies":[{"embeddable":true,"href":"https:\/\/colegiomariareina.cl\/2025\/wp-json\/wp\/v2\/comments?post=1810"}],"version-history":[{"count":0,"href":"https:\/\/colegiomariareina.cl\/2025\/wp-json\/wp\/v2\/posts\/1810\/revisions"}],"wp:featuredmedia":[{"embeddable":true,"href":"https:\/\/colegiomariareina.cl\/2025\/wp-json\/wp\/v2\/media\/1825"}],"wp:attachment":[{"href":"https:\/\/colegiomariareina.cl\/2025\/wp-json\/wp\/v2\/media?parent=1810"}],"wp:term":[{"taxonomy":"category","embeddable":true,"href":"https:\/\/colegiomariareina.cl\/2025\/wp-json\/wp\/v2\/categories?post=1810"},{"taxonomy":"post_tag","embeddable":true,"href":"https:\/\/colegiomariareina.cl\/2025\/wp-json\/wp\/v2\/tags?post=1810"}],"curies":[{"name":"wp","href":"https:\/\/api.w.org\/{rel}","templated":true}]}}