{"id":18520,"date":"2026-02-20T10:29:53","date_gmt":"2026-02-20T13:29:53","guid":{"rendered":"https:\/\/colegiomariareina.cl\/2025\/?p=18520"},"modified":"2026-02-20T10:49:36","modified_gmt":"2026-02-20T13:49:36","slug":"inicio-del-ano-escolar-2026","status":"publish","type":"post","link":"https:\/\/colegiomariareina.cl\/2025\/inicio-del-ano-escolar-2026\/","title":{"rendered":"Inicio del A\u00f1o Escolar 2026"},"content":{"rendered":"\n<p>El Colegio Josefino Mar\u00eda Reina Inmaculada informa a su comunidad educativa que el Inicio del A\u00f1o Escolar 2026 se realizar\u00e1 en la siguiente fecha: <strong>Mi\u00e9rcoles 4 de marzo, 08:00 horas.<\/strong><\/p>\n\n\n\n<p>Solicitamos a estudiantes y familias presentarse puntualmente para el desarrollo de la jornada. Ante cualquier informaci\u00f3n complementaria, esta ser\u00e1 comunicada por los canales institucionales.<\/p>\n\n\n\n<div class=\"wp-block-media-text is-stacked-on-mobile\" style=\"grid-template-columns:28% auto\"><figure class=\"wp-block-media-text__media\"><img loading=\"lazy\" decoding=\"async\" width=\"819\" height=\"1024\" src=\"https:\/\/colegiomariareina.cl\/2025\/wp-content\/uploads\/2026\/02\/636970655_18104543095872630_5742534327891209684_n-819x1024.jpg\" alt=\"\" class=\"wp-image-18522 size-full\"\/><\/figure><div class=\"wp-block-media-text__content\">\n<p>En el <strong>Colegio Josefino Mar\u00eda Reina Inmaculada educamos desde una vocaci\u00f3n que nace del amor y se vive en comunidad.<\/strong> Formamos estudiantes libres y comprometidos con la Iglesia, la sociedad y el mundo del trabajo. Promovemos una educaci\u00f3n inclusiva e integral que defiende la dignidad humana, en alianza con las familias y guiados por el carisma Josefino Trinitario.<\/p>\n\n\n\n<p class=\"has-text-align-left\">Miramos al futuro formando personas con proyecto de vida, capaces de construir una sociedad m\u00e1s justa y solidaria. <strong>Educamos con valores que inspiran nuestra vida comunitaria: Alegr\u00eda, Sencillez, Acogida y Trabajo.<\/strong><\/p>\n\n\n\n<p><strong>Porque cuando la vocaci\u00f3n se vive en el amor, la educaci\u00f3n se transforma en servicio, comunidad y esperanza.<\/strong><\/p>\n<\/div><\/div>\n\n\n\n<p class=\"has-text-align-left\"><\/p>\n\n\n\n<p><\/p>\n\n\n\n<p><\/p>\n\n\n\n<h2 class=\"wp-block-heading has-black-color has-text-color has-link-color wp-elements-b24d7446e932d3733991beaa7b3ba855\">LEMA 2026: &#8220;\u00c1MENSE&#8221;<\/h2>\n\n\n\n<div class=\"wp-block-media-text has-media-on-the-right is-stacked-on-mobile\" style=\"grid-template-columns:auto 28%\"><div class=\"wp-block-media-text__content\">\n<p>El <strong>Plan Pastoral 2026<\/strong> de Colegio Josefino Mar\u00eda Reina Inmaculada<strong> se inspira en dos ejes que dan sentido a nuestro camino Josefino Trinitario: la vocaci\u00f3n y el amor<\/strong>.<\/p>\n\n\n\n<p><strong>El amor:<\/strong> el modo de vivir la vocaci\u00f3n.<br>Siguiendo el mandato de Jes\u00fas (Jn 13,34), \u201c\u00c1mense\u201d expresa nuestro estilo de vida y se concreta en tres dimensiones:<br>Amar a lo otro: cuidar la creaci\u00f3n como casa com\u00fan.<br>Amar al otro: acoger, servir y acompa\u00f1ar, especialmente al m\u00e1s d\u00e9bil.<br>Amar al OTRO: reconocer y responder al amor de Dios Trinidad.<\/p>\n\n\n\n<p><strong>La vocaci\u00f3n:<\/strong> un llamado personal de Dios<br>El lema pastoral \u201cTu vida es vocaci\u00f3n: \u00a1desc\u00fabrela, v\u00edvela, comp\u00e1rtela!\u201d nos invita a vivir con sentido, plenitud y servicio, inspirados en la espiritualidad de Padre Eladio Mozas y la tradici\u00f3n Josefina Trinitaria.<\/p>\n\n\n\n<p>Porque cuando la vocaci\u00f3n se vive en el amor, la vida se transforma en entrega, encuentro y esperanza para los dem\u00e1s.<\/p>\n<\/div><figure class=\"wp-block-media-text__media\"><img loading=\"lazy\" decoding=\"async\" width=\"819\" height=\"1024\" src=\"https:\/\/colegiomariareina.cl\/2025\/wp-content\/uploads\/2026\/02\/635009092_18104543110872630_4619406068740834305_n-819x1024.jpg\" alt=\"\" class=\"wp-image-18523 size-full\"\/><\/figure><\/div>\n","protected":false},"excerpt":{"rendered":"<p>El Colegio Josefino Mar\u00eda Reina Inmaculada informa a su comunidad educativa que el Inicio del A\u00f1o Escolar 2026 se realizar\u00e1 en la siguiente fecha: Mi\u00e9rcoles 4 de marzo, 08:00 horas. Solicitamos a estudiantes y familias presentarse puntualmente para el desarrollo de la jornada. Ante cualquier informaci\u00f3n complementaria, esta ser\u00e1 comunicada por los canales institucionales. En [&hellip;]<\/p>\n","protected":false},"author":4,"featured_media":18521,"comment_status":"open","ping_status":"open","sticky":false,"template":"","format":"standard","meta":{"_et_pb_use_builder":"","_et_pb_old_content":"","_et_gb_content_width":"","footnotes":""},"categories":[7,3],"tags":[],"class_list":["post-18520","post","type-post","status-publish","format-standard","has-post-thumbnail","hentry","category-destacado","category-noticias"],"_links":{"self":[{"href":"https:\/\/colegiomariareina.cl\/2025\/wp-json\/wp\/v2\/posts\/18520","targetHints":{"allow":["GET"]}}],"collection":[{"href":"https:\/\/colegiomariareina.cl\/2025\/wp-json\/wp\/v2\/posts"}],"about":[{"href":"https:\/\/colegiomariareina.cl\/2025\/wp-json\/wp\/v2\/types\/post"}],"author":[{"embeddable":true,"href":"https:\/\/colegiomariareina.cl\/2025\/wp-json\/wp\/v2\/users\/4"}],"replies":[{"embeddable":true,"href":"https:\/\/colegiomariareina.cl\/2025\/wp-json\/wp\/v2\/comments?post=18520"}],"version-history":[{"count":12,"href":"https:\/\/colegiomariareina.cl\/2025\/wp-json\/wp\/v2\/posts\/18520\/revisions"}],"predecessor-version":[{"id":18542,"href":"https:\/\/colegiomariareina.cl\/2025\/wp-json\/wp\/v2\/posts\/18520\/revisions\/18542"}],"wp:featuredmedia":[{"embeddable":true,"href":"https:\/\/colegiomariareina.cl\/2025\/wp-json\/wp\/v2\/media\/18521"}],"wp:attachment":[{"href":"https:\/\/colegiomariareina.cl\/2025\/wp-json\/wp\/v2\/media?parent=18520"}],"wp:term":[{"taxonomy":"category","embeddable":true,"href":"https:\/\/colegiomariareina.cl\/2025\/wp-json\/wp\/v2\/categories?post=18520"},{"taxonomy":"post_tag","embeddable":true,"href":"https:\/\/colegiomariareina.cl\/2025\/wp-json\/wp\/v2\/tags?post=18520"}],"curies":[{"name":"wp","href":"https:\/\/api.w.org\/{rel}","templated":true}]}}