{"id":18605,"date":"2026-03-02T17:01:00","date_gmt":"2026-03-02T20:01:00","guid":{"rendered":"https:\/\/colegiomariareina.cl\/2025\/?p=18605"},"modified":"2026-03-31T17:03:42","modified_gmt":"2026-03-31T20:03:42","slug":"inicio-de-ano-de-profesores-2026","status":"publish","type":"post","link":"https:\/\/colegiomariareina.cl\/2025\/inicio-de-ano-de-profesores-2026\/","title":{"rendered":"Inicio de A\u00f1o de Profesores 2026"},"content":{"rendered":"\n<p>Este lunes 2 de marzo los profesores y profesoras del Colegio Josefino Mar\u00eda Reina Inmaculada retomaron sus labores, dando comienzo al <a href=\"https:\/\/www.facebook.com\/hashtag\/a%C3%B1oescolar2026?__eep__=6&amp;__cft__[0]=AZYbNckYHVZzg1mNhythOblMqUCqQItpYpWPYZmBWBE8HBY-C3hyisC3DDin4vWFjFe5h3PMXv2xM2hUb4URS3ZBnregcgxyaGEfgT-FnaON2hY2bmsAWX4lHh_2Jog04To3yGd1U1A8TlnuXlja1FU1s2T8HejCGM98Jw6i5ydLp4oSRSuJM6wk2rZSOripI3Y&amp;__tn__=*NK-R\">#A\u00f1oEscolar2026<\/a><\/p>\n\n\n\n<p>Un reencuentro cercano para preparar juntos un a\u00f1o de aprendizaje, acompa\u00f1amiento y trabajo en comunidad.<\/p>\n","protected":false},"excerpt":{"rendered":"<p>Este lunes 2 de marzo los profesores y profesoras del Colegio Josefino Mar\u00eda Reina Inmaculada retomaron sus labores, dando comienzo al #A\u00f1oEscolar2026 Un reencuentro cercano para preparar juntos un a\u00f1o de aprendizaje, acompa\u00f1amiento y trabajo en comunidad.<\/p>\n","protected":false},"author":4,"featured_media":18606,"comment_status":"open","ping_status":"open","sticky":false,"template":"","format":"standard","meta":{"_et_pb_use_builder":"","_et_pb_old_content":"","_et_gb_content_width":"","footnotes":""},"categories":[3],"tags":[],"class_list":["post-18605","post","type-post","status-publish","format-standard","has-post-thumbnail","hentry","category-noticias"],"_links":{"self":[{"href":"https:\/\/colegiomariareina.cl\/2025\/wp-json\/wp\/v2\/posts\/18605","targetHints":{"allow":["GET"]}}],"collection":[{"href":"https:\/\/colegiomariareina.cl\/2025\/wp-json\/wp\/v2\/posts"}],"about":[{"href":"https:\/\/colegiomariareina.cl\/2025\/wp-json\/wp\/v2\/types\/post"}],"author":[{"embeddable":true,"href":"https:\/\/colegiomariareina.cl\/2025\/wp-json\/wp\/v2\/users\/4"}],"replies":[{"embeddable":true,"href":"https:\/\/colegiomariareina.cl\/2025\/wp-json\/wp\/v2\/comments?post=18605"}],"version-history":[{"count":3,"href":"https:\/\/colegiomariareina.cl\/2025\/wp-json\/wp\/v2\/posts\/18605\/revisions"}],"predecessor-version":[{"id":18609,"href":"https:\/\/colegiomariareina.cl\/2025\/wp-json\/wp\/v2\/posts\/18605\/revisions\/18609"}],"wp:featuredmedia":[{"embeddable":true,"href":"https:\/\/colegiomariareina.cl\/2025\/wp-json\/wp\/v2\/media\/18606"}],"wp:attachment":[{"href":"https:\/\/colegiomariareina.cl\/2025\/wp-json\/wp\/v2\/media?parent=18605"}],"wp:term":[{"taxonomy":"category","embeddable":true,"href":"https:\/\/colegiomariareina.cl\/2025\/wp-json\/wp\/v2\/categories?post=18605"},{"taxonomy":"post_tag","embeddable":true,"href":"https:\/\/colegiomariareina.cl\/2025\/wp-json\/wp\/v2\/tags?post=18605"}],"curies":[{"name":"wp","href":"https:\/\/api.w.org\/{rel}","templated":true}]}}