{"id":18648,"date":"2026-04-15T15:59:00","date_gmt":"2026-04-15T18:59:00","guid":{"rendered":"https:\/\/colegiomariareina.cl\/2025\/?p=18648"},"modified":"2026-04-28T13:01:08","modified_gmt":"2026-04-28T16:01:08","slug":"eucaristia-4to-medio-enfermeria-2","status":"publish","type":"post","link":"https:\/\/colegiomariareina.cl\/2025\/eucaristia-4to-medio-enfermeria-2\/","title":{"rendered":"EUCARIST\u00cdA 4to Medio Enfermer\u00eda"},"content":{"rendered":"\n<p>Este mi\u00e9rcoles 15 de abril, los estudiantes de 4to Medio de la especialidad de Enfermer\u00eda del Colegio Josefino Mar\u00eda Reina Inmaculada participaron en una de sus \u00faltimas eucarist\u00edas como estudiantes Josefino Trinitarios, junto a su profesora Carmen Gonz\u00e1lez.<\/p>\n\n\n\n<p>Una instancia de oraci\u00f3n y gratitud donde pidieron por los enfermos, especialmente por la Hna. Dolores, y por todos los profesionales de la salud, para que vivan su vocaci\u00f3n con respeto, compromiso y amor por la vida.<\/p>\n\n\n\n<p>Tambi\u00e9n fue un momento para agradecer al colegio y a sus familias por el acompa\u00f1amiento brindado durante estos a\u00f1os.<\/p>\n","protected":false},"excerpt":{"rendered":"<p>Este mi\u00e9rcoles 15 de abril, los estudiantes de 4to Medio de la especialidad de Enfermer\u00eda del Colegio Josefino Mar\u00eda Reina Inmaculada participaron en una de sus \u00faltimas eucarist\u00edas como estudiantes Josefino Trinitarios, junto a su profesora Carmen Gonz\u00e1lez. Una instancia de oraci\u00f3n y gratitud donde pidieron por los enfermos, especialmente por la Hna. Dolores, y [&hellip;]<\/p>\n","protected":false},"author":4,"featured_media":18649,"comment_status":"open","ping_status":"open","sticky":false,"template":"","format":"standard","meta":{"_et_pb_use_builder":"","_et_pb_old_content":"","_et_gb_content_width":"","footnotes":""},"categories":[3],"tags":[],"class_list":["post-18648","post","type-post","status-publish","format-standard","has-post-thumbnail","hentry","category-noticias"],"_links":{"self":[{"href":"https:\/\/colegiomariareina.cl\/2025\/wp-json\/wp\/v2\/posts\/18648","targetHints":{"allow":["GET"]}}],"collection":[{"href":"https:\/\/colegiomariareina.cl\/2025\/wp-json\/wp\/v2\/posts"}],"about":[{"href":"https:\/\/colegiomariareina.cl\/2025\/wp-json\/wp\/v2\/types\/post"}],"author":[{"embeddable":true,"href":"https:\/\/colegiomariareina.cl\/2025\/wp-json\/wp\/v2\/users\/4"}],"replies":[{"embeddable":true,"href":"https:\/\/colegiomariareina.cl\/2025\/wp-json\/wp\/v2\/comments?post=18648"}],"version-history":[{"count":1,"href":"https:\/\/colegiomariareina.cl\/2025\/wp-json\/wp\/v2\/posts\/18648\/revisions"}],"predecessor-version":[{"id":18650,"href":"https:\/\/colegiomariareina.cl\/2025\/wp-json\/wp\/v2\/posts\/18648\/revisions\/18650"}],"wp:featuredmedia":[{"embeddable":true,"href":"https:\/\/colegiomariareina.cl\/2025\/wp-json\/wp\/v2\/media\/18649"}],"wp:attachment":[{"href":"https:\/\/colegiomariareina.cl\/2025\/wp-json\/wp\/v2\/media?parent=18648"}],"wp:term":[{"taxonomy":"category","embeddable":true,"href":"https:\/\/colegiomariareina.cl\/2025\/wp-json\/wp\/v2\/categories?post=18648"},{"taxonomy":"post_tag","embeddable":true,"href":"https:\/\/colegiomariareina.cl\/2025\/wp-json\/wp\/v2\/tags?post=18648"}],"curies":[{"name":"wp","href":"https:\/\/api.w.org\/{rel}","templated":true}]}}