{"id":18654,"date":"2026-04-17T17:04:00","date_gmt":"2026-04-17T20:04:00","guid":{"rendered":"https:\/\/colegiomariareina.cl\/2025\/?p=18654"},"modified":"2026-04-28T13:12:05","modified_gmt":"2026-04-28T16:12:05","slug":"gracias-tia-mane","status":"publish","type":"post","link":"https:\/\/colegiomariareina.cl\/2025\/gracias-tia-mane\/","title":{"rendered":"Gracias, T\u00eda Man\u00e9"},"content":{"rendered":"\n<p>Como comunidad del Colegio Josefino Mar\u00eda Reina Inmaculada, hoy queremos agradecer y despedir con cari\u00f1o a nuestra querida Mar\u00eda In\u00e9s Villegas, \u201cT\u00eda Man\u00e9\u201d. Durante m\u00e1s de 38 a\u00f1os, entreg\u00f3 su vida a la educaci\u00f3n como Educadora de P\u00e1rvulos, siendo adem\u00e1s exalumna y apoderada de nuestro colegio. Una historia profundamente ligada a nuestra comunidad, que refleja un compromiso que trasciende generaciones.<\/p>\n\n\n\n<p>Hoy inicia una nueva etapa, luego de un camino marcado por la vocaci\u00f3n, la dedicaci\u00f3n y el amor por ense\u00f1ar.<\/p>\n\n\n\n<p>Su huella queda en cada ni\u00f1o y ni\u00f1a que acompa\u00f1\u00f3, en cada aprendizaje compartido y en cada gesto de cari\u00f1o que form\u00f3 parte de su d\u00eda a d\u00eda.<\/p>\n\n\n\n<p>Gracias por tu entrega, por tu pasi\u00f3n por la educaci\u00f3n y por todo lo que sembraste en nuestra comunidad. Tu legado permanecer\u00e1 siempre con nosotros.<\/p>\n","protected":false},"excerpt":{"rendered":"<p>Como comunidad del Colegio Josefino Mar\u00eda Reina Inmaculada, hoy queremos agradecer y despedir con cari\u00f1o a nuestra querida Mar\u00eda In\u00e9s Villegas, \u201cT\u00eda Man\u00e9\u201d. Durante m\u00e1s de 38 a\u00f1os, entreg\u00f3 su vida a la educaci\u00f3n como Educadora de P\u00e1rvulos, siendo adem\u00e1s exalumna y apoderada de nuestro colegio. Una historia profundamente ligada a nuestra comunidad, que refleja [&hellip;]<\/p>\n","protected":false},"author":4,"featured_media":18660,"comment_status":"open","ping_status":"open","sticky":false,"template":"","format":"standard","meta":{"_et_pb_use_builder":"","_et_pb_old_content":"","_et_gb_content_width":"","footnotes":""},"categories":[3],"tags":[],"class_list":["post-18654","post","type-post","status-publish","format-standard","has-post-thumbnail","hentry","category-noticias"],"_links":{"self":[{"href":"https:\/\/colegiomariareina.cl\/2025\/wp-json\/wp\/v2\/posts\/18654","targetHints":{"allow":["GET"]}}],"collection":[{"href":"https:\/\/colegiomariareina.cl\/2025\/wp-json\/wp\/v2\/posts"}],"about":[{"href":"https:\/\/colegiomariareina.cl\/2025\/wp-json\/wp\/v2\/types\/post"}],"author":[{"embeddable":true,"href":"https:\/\/colegiomariareina.cl\/2025\/wp-json\/wp\/v2\/users\/4"}],"replies":[{"embeddable":true,"href":"https:\/\/colegiomariareina.cl\/2025\/wp-json\/wp\/v2\/comments?post=18654"}],"version-history":[{"count":1,"href":"https:\/\/colegiomariareina.cl\/2025\/wp-json\/wp\/v2\/posts\/18654\/revisions"}],"predecessor-version":[{"id":18656,"href":"https:\/\/colegiomariareina.cl\/2025\/wp-json\/wp\/v2\/posts\/18654\/revisions\/18656"}],"wp:featuredmedia":[{"embeddable":true,"href":"https:\/\/colegiomariareina.cl\/2025\/wp-json\/wp\/v2\/media\/18660"}],"wp:attachment":[{"href":"https:\/\/colegiomariareina.cl\/2025\/wp-json\/wp\/v2\/media?parent=18654"}],"wp:term":[{"taxonomy":"category","embeddable":true,"href":"https:\/\/colegiomariareina.cl\/2025\/wp-json\/wp\/v2\/categories?post=18654"},{"taxonomy":"post_tag","embeddable":true,"href":"https:\/\/colegiomariareina.cl\/2025\/wp-json\/wp\/v2\/tags?post=18654"}],"curies":[{"name":"wp","href":"https:\/\/api.w.org\/{rel}","templated":true}]}}