{"id":18657,"date":"2026-04-23T10:07:00","date_gmt":"2026-04-23T13:07:00","guid":{"rendered":"https:\/\/colegiomariareina.cl\/2025\/?p=18657"},"modified":"2026-04-28T13:11:25","modified_gmt":"2026-04-28T16:11:25","slug":"dia-del-libro","status":"publish","type":"post","link":"https:\/\/colegiomariareina.cl\/2025\/dia-del-libro\/","title":{"rendered":"D\u00eda del Libro"},"content":{"rendered":"\n<p>En el Colegio Josefino Mar\u00eda Reina Inmaculada, conmemoramos el D\u00eda del Libro como una invitaci\u00f3n a detenernos, leer y reflexionar. Los libros nos abren puertas, nos ayudan a comprender el mundo y tambi\u00e9n a comprendernos a nosotros mismos.<\/p>\n\n\n\n<p>A trav\u00e9s de este acto, celebramos la lectura como una herramienta fundamental en la formaci\u00f3n de nuestros estudiantes, capaz de inspirar, ense\u00f1ar y transformar.<\/p>\n","protected":false},"excerpt":{"rendered":"<p>En el Colegio Josefino Mar\u00eda Reina Inmaculada, conmemoramos el D\u00eda del Libro como una invitaci\u00f3n a detenernos, leer y reflexionar. Los libros nos abren puertas, nos ayudan a comprender el mundo y tambi\u00e9n a comprendernos a nosotros mismos. A trav\u00e9s de este acto, celebramos la lectura como una herramienta fundamental en la formaci\u00f3n de nuestros [&hellip;]<\/p>\n","protected":false},"author":4,"featured_media":18658,"comment_status":"open","ping_status":"open","sticky":false,"template":"","format":"standard","meta":{"_et_pb_use_builder":"","_et_pb_old_content":"","_et_gb_content_width":"","footnotes":""},"categories":[1],"tags":[],"class_list":["post-18657","post","type-post","status-publish","format-standard","has-post-thumbnail","hentry","category-sin-categoria"],"_links":{"self":[{"href":"https:\/\/colegiomariareina.cl\/2025\/wp-json\/wp\/v2\/posts\/18657","targetHints":{"allow":["GET"]}}],"collection":[{"href":"https:\/\/colegiomariareina.cl\/2025\/wp-json\/wp\/v2\/posts"}],"about":[{"href":"https:\/\/colegiomariareina.cl\/2025\/wp-json\/wp\/v2\/types\/post"}],"author":[{"embeddable":true,"href":"https:\/\/colegiomariareina.cl\/2025\/wp-json\/wp\/v2\/users\/4"}],"replies":[{"embeddable":true,"href":"https:\/\/colegiomariareina.cl\/2025\/wp-json\/wp\/v2\/comments?post=18657"}],"version-history":[{"count":1,"href":"https:\/\/colegiomariareina.cl\/2025\/wp-json\/wp\/v2\/posts\/18657\/revisions"}],"predecessor-version":[{"id":18659,"href":"https:\/\/colegiomariareina.cl\/2025\/wp-json\/wp\/v2\/posts\/18657\/revisions\/18659"}],"wp:featuredmedia":[{"embeddable":true,"href":"https:\/\/colegiomariareina.cl\/2025\/wp-json\/wp\/v2\/media\/18658"}],"wp:attachment":[{"href":"https:\/\/colegiomariareina.cl\/2025\/wp-json\/wp\/v2\/media?parent=18657"}],"wp:term":[{"taxonomy":"category","embeddable":true,"href":"https:\/\/colegiomariareina.cl\/2025\/wp-json\/wp\/v2\/categories?post=18657"},{"taxonomy":"post_tag","embeddable":true,"href":"https:\/\/colegiomariareina.cl\/2025\/wp-json\/wp\/v2\/tags?post=18657"}],"curies":[{"name":"wp","href":"https:\/\/api.w.org\/{rel}","templated":true}]}}