{"id":18661,"date":"2026-04-28T10:12:00","date_gmt":"2026-04-28T13:12:00","guid":{"rendered":"https:\/\/colegiomariareina.cl\/2025\/?p=18661"},"modified":"2026-04-28T13:17:40","modified_gmt":"2026-04-28T16:17:40","slug":"acto-3ro-y-4to-medio-especialidad-enfermeria","status":"publish","type":"post","link":"https:\/\/colegiomariareina.cl\/2025\/acto-3ro-y-4to-medio-especialidad-enfermeria\/","title":{"rendered":"Acto | 3ro y 4to Medio especialidad Enfermer\u00eda"},"content":{"rendered":"\n<p>Como cada semana, la comunidad del Colegio Josefino Mar\u00eda Reina Inmaculada se reuni\u00f3 para compartir el Acto de Ciclo, en esta ocasi\u00f3n preparado por los estudiantes de 3ro y 4to Medio de la especialidad de Enfermer\u00eda, junto a sus profesoras. Una instancia de oraci\u00f3n y reflexi\u00f3n donde se reforz\u00f3 el respeto como valor del mes.<\/p>\n\n\n\n<p>Durante el acto, se destacaron importantes efem\u00e9rides como el D\u00eda del Patinador, reconociendo el esfuerzo, la perseverancia y el talento deportivo de estudiantes que practican esta disciplina.<\/p>\n\n\n\n<p>Asimismo, en el marco del D\u00eda de la Danza, se presentaron intervenciones art\u00edsticas que incluyeron baile pascuense y una propuesta de danza urbana.<\/p>\n\n\n\n<p>Una jornada que integr\u00f3 formaci\u00f3n val\u00f3rica, expresi\u00f3n art\u00edstica y reconocimiento a nuestros estudiantes.<\/p>\n","protected":false},"excerpt":{"rendered":"<p>Como cada semana, la comunidad del Colegio Josefino Mar\u00eda Reina Inmaculada se reuni\u00f3 para compartir el Acto de Ciclo, en esta ocasi\u00f3n preparado por los estudiantes de 3ro y 4to Medio de la especialidad de Enfermer\u00eda, junto a sus profesoras. Una instancia de oraci\u00f3n y reflexi\u00f3n donde se reforz\u00f3 el respeto como valor del mes. [&hellip;]<\/p>\n","protected":false},"author":4,"featured_media":18662,"comment_status":"open","ping_status":"open","sticky":false,"template":"","format":"standard","meta":{"_et_pb_use_builder":"","_et_pb_old_content":"","_et_gb_content_width":"","footnotes":""},"categories":[3],"tags":[],"class_list":["post-18661","post","type-post","status-publish","format-standard","has-post-thumbnail","hentry","category-noticias"],"_links":{"self":[{"href":"https:\/\/colegiomariareina.cl\/2025\/wp-json\/wp\/v2\/posts\/18661","targetHints":{"allow":["GET"]}}],"collection":[{"href":"https:\/\/colegiomariareina.cl\/2025\/wp-json\/wp\/v2\/posts"}],"about":[{"href":"https:\/\/colegiomariareina.cl\/2025\/wp-json\/wp\/v2\/types\/post"}],"author":[{"embeddable":true,"href":"https:\/\/colegiomariareina.cl\/2025\/wp-json\/wp\/v2\/users\/4"}],"replies":[{"embeddable":true,"href":"https:\/\/colegiomariareina.cl\/2025\/wp-json\/wp\/v2\/comments?post=18661"}],"version-history":[{"count":1,"href":"https:\/\/colegiomariareina.cl\/2025\/wp-json\/wp\/v2\/posts\/18661\/revisions"}],"predecessor-version":[{"id":18663,"href":"https:\/\/colegiomariareina.cl\/2025\/wp-json\/wp\/v2\/posts\/18661\/revisions\/18663"}],"wp:featuredmedia":[{"embeddable":true,"href":"https:\/\/colegiomariareina.cl\/2025\/wp-json\/wp\/v2\/media\/18662"}],"wp:attachment":[{"href":"https:\/\/colegiomariareina.cl\/2025\/wp-json\/wp\/v2\/media?parent=18661"}],"wp:term":[{"taxonomy":"category","embeddable":true,"href":"https:\/\/colegiomariareina.cl\/2025\/wp-json\/wp\/v2\/categories?post=18661"},{"taxonomy":"post_tag","embeddable":true,"href":"https:\/\/colegiomariareina.cl\/2025\/wp-json\/wp\/v2\/tags?post=18661"}],"curies":[{"name":"wp","href":"https:\/\/api.w.org\/{rel}","templated":true}]}}