{"id":18664,"date":"2026-04-29T10:51:00","date_gmt":"2026-04-29T13:51:00","guid":{"rendered":"https:\/\/colegiomariareina.cl\/2025\/?p=18664"},"modified":"2026-04-30T12:56:05","modified_gmt":"2026-04-30T15:56:05","slug":"eucaristia-4to-medio-electronica-2","status":"publish","type":"post","link":"https:\/\/colegiomariareina.cl\/2025\/eucaristia-4to-medio-electronica-2\/","title":{"rendered":"EUCARIST\u00cdA 4to Medio ELECTR\u00d3NICA"},"content":{"rendered":"\n<p>Este mi\u00e9rcoles 29 de abril, los estudiantes de 4to Medio de la especialidad de Electr\u00f3nica del Colegio Josefino Mar\u00eda Reina Inmaculada participaron en una de sus \u00faltimas eucarist\u00edas como estudiantes Josefino Trinitarios, junto a su profesora Elizabeth Olivos. Una significativa instancia de oraci\u00f3n y gratitud, donde pusieron en manos del Se\u00f1or sus vidas, su vocaci\u00f3n de servicio y el camino que comienzan a proyectar como futuros t\u00e9cnicos del \u00e1rea.<\/p>\n\n\n\n<p>Tambi\u00e9n fue un momento para agradecer los a\u00f1os vividos en el colegio, por cada aprendizaje, por sus profesores y por el apoyo constante de sus familias.<\/p>\n","protected":false},"excerpt":{"rendered":"<p>Este mi\u00e9rcoles 29 de abril, los estudiantes de 4to Medio de la especialidad de Electr\u00f3nica del Colegio Josefino Mar\u00eda Reina Inmaculada participaron en una de sus \u00faltimas eucarist\u00edas como estudiantes Josefino Trinitarios, junto a su profesora Elizabeth Olivos. Una significativa instancia de oraci\u00f3n y gratitud, donde pusieron en manos del Se\u00f1or sus vidas, su vocaci\u00f3n [&hellip;]<\/p>\n","protected":false},"author":4,"featured_media":18665,"comment_status":"open","ping_status":"open","sticky":false,"template":"","format":"standard","meta":{"_et_pb_use_builder":"","_et_pb_old_content":"","_et_gb_content_width":"","footnotes":""},"categories":[1],"tags":[],"class_list":["post-18664","post","type-post","status-publish","format-standard","has-post-thumbnail","hentry","category-sin-categoria"],"_links":{"self":[{"href":"https:\/\/colegiomariareina.cl\/2025\/wp-json\/wp\/v2\/posts\/18664","targetHints":{"allow":["GET"]}}],"collection":[{"href":"https:\/\/colegiomariareina.cl\/2025\/wp-json\/wp\/v2\/posts"}],"about":[{"href":"https:\/\/colegiomariareina.cl\/2025\/wp-json\/wp\/v2\/types\/post"}],"author":[{"embeddable":true,"href":"https:\/\/colegiomariareina.cl\/2025\/wp-json\/wp\/v2\/users\/4"}],"replies":[{"embeddable":true,"href":"https:\/\/colegiomariareina.cl\/2025\/wp-json\/wp\/v2\/comments?post=18664"}],"version-history":[{"count":1,"href":"https:\/\/colegiomariareina.cl\/2025\/wp-json\/wp\/v2\/posts\/18664\/revisions"}],"predecessor-version":[{"id":18666,"href":"https:\/\/colegiomariareina.cl\/2025\/wp-json\/wp\/v2\/posts\/18664\/revisions\/18666"}],"wp:featuredmedia":[{"embeddable":true,"href":"https:\/\/colegiomariareina.cl\/2025\/wp-json\/wp\/v2\/media\/18665"}],"wp:attachment":[{"href":"https:\/\/colegiomariareina.cl\/2025\/wp-json\/wp\/v2\/media?parent=18664"}],"wp:term":[{"taxonomy":"category","embeddable":true,"href":"https:\/\/colegiomariareina.cl\/2025\/wp-json\/wp\/v2\/categories?post=18664"},{"taxonomy":"post_tag","embeddable":true,"href":"https:\/\/colegiomariareina.cl\/2025\/wp-json\/wp\/v2\/tags?post=18664"}],"curies":[{"name":"wp","href":"https:\/\/api.w.org\/{rel}","templated":true}]}}