{"id":18667,"date":"2026-04-29T20:53:00","date_gmt":"2026-04-29T23:53:00","guid":{"rendered":"https:\/\/colegiomariareina.cl\/2025\/?p=18667"},"modified":"2026-04-30T12:55:20","modified_gmt":"2026-04-30T15:55:20","slug":"manana-entretenida","status":"publish","type":"post","link":"https:\/\/colegiomariareina.cl\/2025\/manana-entretenida\/","title":{"rendered":"Ma\u00f1ana entretenida"},"content":{"rendered":"\n<p>En el marco de la celebraci\u00f3n del Mes de la Convivencia Escolar, el pasado martes 28 de marzo vivimos una jornada llena de juegos, risas y encuentro en el Colegio Josefino Mar\u00eda Reina Inmaculada. El Departamento de Convivencia Escolar, junto al Departamento de Educaci\u00f3n F\u00edsica, compartieron una entretenida actividad con nuestros estudiantes de 5to a 8vo B\u00e1sico.<\/p>\n\n\n\n<p>Una instancia para fortalecer el respeto, la colaboraci\u00f3n y la alegr\u00eda de compartir, entendiendo que convivir tambi\u00e9n es aprender a relacionarnos, valorar lo simple y construir comunidad d\u00eda a d\u00eda.<\/p>\n\n\n\n<p>Seguimos promoviendo espacios donde el buen trato se vive y se refleja en cada encuentro.<\/p>\n","protected":false},"excerpt":{"rendered":"<p>En el marco de la celebraci\u00f3n del Mes de la Convivencia Escolar, el pasado martes 28 de marzo vivimos una jornada llena de juegos, risas y encuentro en el Colegio Josefino Mar\u00eda Reina Inmaculada. El Departamento de Convivencia Escolar, junto al Departamento de Educaci\u00f3n F\u00edsica, compartieron una entretenida actividad con nuestros estudiantes de 5to a [&hellip;]<\/p>\n","protected":false},"author":4,"featured_media":18668,"comment_status":"open","ping_status":"open","sticky":false,"template":"","format":"standard","meta":{"_et_pb_use_builder":"","_et_pb_old_content":"","_et_gb_content_width":"","footnotes":""},"categories":[3],"tags":[],"class_list":["post-18667","post","type-post","status-publish","format-standard","has-post-thumbnail","hentry","category-noticias"],"_links":{"self":[{"href":"https:\/\/colegiomariareina.cl\/2025\/wp-json\/wp\/v2\/posts\/18667","targetHints":{"allow":["GET"]}}],"collection":[{"href":"https:\/\/colegiomariareina.cl\/2025\/wp-json\/wp\/v2\/posts"}],"about":[{"href":"https:\/\/colegiomariareina.cl\/2025\/wp-json\/wp\/v2\/types\/post"}],"author":[{"embeddable":true,"href":"https:\/\/colegiomariareina.cl\/2025\/wp-json\/wp\/v2\/users\/4"}],"replies":[{"embeddable":true,"href":"https:\/\/colegiomariareina.cl\/2025\/wp-json\/wp\/v2\/comments?post=18667"}],"version-history":[{"count":1,"href":"https:\/\/colegiomariareina.cl\/2025\/wp-json\/wp\/v2\/posts\/18667\/revisions"}],"predecessor-version":[{"id":18669,"href":"https:\/\/colegiomariareina.cl\/2025\/wp-json\/wp\/v2\/posts\/18667\/revisions\/18669"}],"wp:featuredmedia":[{"embeddable":true,"href":"https:\/\/colegiomariareina.cl\/2025\/wp-json\/wp\/v2\/media\/18668"}],"wp:attachment":[{"href":"https:\/\/colegiomariareina.cl\/2025\/wp-json\/wp\/v2\/media?parent=18667"}],"wp:term":[{"taxonomy":"category","embeddable":true,"href":"https:\/\/colegiomariareina.cl\/2025\/wp-json\/wp\/v2\/categories?post=18667"},{"taxonomy":"post_tag","embeddable":true,"href":"https:\/\/colegiomariareina.cl\/2025\/wp-json\/wp\/v2\/tags?post=18667"}],"curies":[{"name":"wp","href":"https:\/\/api.w.org\/{rel}","templated":true}]}}