{"id":2034,"date":"2014-04-24T18:11:24","date_gmt":"2014-04-24T18:11:24","guid":{"rendered":"http:\/\/colegiomariareina.cl\/2013\/?p=2034"},"modified":"2014-04-24T18:11:24","modified_gmt":"2014-04-24T18:11:24","slug":"semana-santa-2014-viernes-santo-18-de-abril","status":"publish","type":"post","link":"https:\/\/colegiomariareina.cl\/2025\/semana-santa-2014-viernes-santo-18-de-abril\/","title":{"rendered":"SEMANA SANTA 2014 &#8211; Viernes Santo 18 de Abril"},"content":{"rendered":"<p><b>Viernes Santo:<\/b><\/p>\n<p style=\"text-align: justify;\">\u00a0\u00a0\u00a0\u00a0 El d\u00eda 18 de abril, viernes santo, como todos los a\u00f1os el personal del colegio prepara una estaci\u00f3n del v\u00eda crucis y as\u00ed se une a la parroquia en el recorrido que Jes\u00fas realiz\u00f3 aquel viernes santo cargando la cruz para salvarnos.<\/p>\n<p>\u00a0<b>\u00a0<a href=\"http:\/\/colegiomariareina.cl\/2013\/wp-content\/uploads\/2014\/04\/DSC012951.jpg\"><img loading=\"lazy\" decoding=\"async\" class=\"alignleft size-thumbnail wp-image-2043\" alt=\"DSC01295\" src=\"http:\/\/colegiomariareina.cl\/2013\/wp-content\/uploads\/2014\/04\/DSC012951-100x100.jpg\" width=\"100\" height=\"100\" \/><\/a> <a href=\"http:\/\/colegiomariareina.cl\/2013\/wp-content\/uploads\/2014\/04\/DSC012941.jpg\"><img loading=\"lazy\" decoding=\"async\" class=\"alignleft size-thumbnail wp-image-2042\" alt=\"DSC01294\" src=\"http:\/\/colegiomariareina.cl\/2013\/wp-content\/uploads\/2014\/04\/DSC012941-100x100.jpg\" width=\"100\" height=\"100\" \/><\/a> <a href=\"http:\/\/colegiomariareina.cl\/2013\/wp-content\/uploads\/2014\/04\/DSC012931.jpg\"><img loading=\"lazy\" decoding=\"async\" class=\"alignleft size-thumbnail wp-image-2041\" alt=\"DSC01293\" src=\"http:\/\/colegiomariareina.cl\/2013\/wp-content\/uploads\/2014\/04\/DSC012931-100x100.jpg\" width=\"100\" height=\"100\" \/><\/a> <a href=\"http:\/\/colegiomariareina.cl\/2013\/wp-content\/uploads\/2014\/04\/DSC012921.jpg\"><img loading=\"lazy\" decoding=\"async\" class=\"alignleft size-thumbnail wp-image-2040\" alt=\"DSC01292\" src=\"http:\/\/colegiomariareina.cl\/2013\/wp-content\/uploads\/2014\/04\/DSC012921-100x100.jpg\" width=\"100\" height=\"100\" \/><\/a> <a href=\"http:\/\/colegiomariareina.cl\/2013\/wp-content\/uploads\/2014\/04\/DSC012901.jpg\"><img loading=\"lazy\" decoding=\"async\" class=\"alignleft size-thumbnail wp-image-2038\" alt=\"DSC01290\" src=\"http:\/\/colegiomariareina.cl\/2013\/wp-content\/uploads\/2014\/04\/DSC012901-100x100.jpg\" width=\"100\" height=\"100\" \/><\/a> <a href=\"http:\/\/colegiomariareina.cl\/2013\/wp-content\/uploads\/2014\/04\/DSC012891.jpg\"><img loading=\"lazy\" decoding=\"async\" class=\"alignleft size-thumbnail wp-image-2037\" alt=\"DSC01289\" src=\"http:\/\/colegiomariareina.cl\/2013\/wp-content\/uploads\/2014\/04\/DSC012891-100x100.jpg\" width=\"100\" height=\"100\" \/><\/a> <a href=\"http:\/\/colegiomariareina.cl\/2013\/wp-content\/uploads\/2014\/04\/DSC012871.jpg\"><img loading=\"lazy\" decoding=\"async\" class=\"alignleft size-thumbnail wp-image-2036\" alt=\"DSC01287\" src=\"http:\/\/colegiomariareina.cl\/2013\/wp-content\/uploads\/2014\/04\/DSC012871-100x100.jpg\" width=\"100\" height=\"100\" \/><\/a><\/b><\/p>\n<p>&nbsp;<\/p>\n<p>&nbsp;<\/p>\n<p>&nbsp;<\/p>\n<p>&nbsp;<\/p>\n<p>&nbsp;<\/p>\n","protected":false},"excerpt":{"rendered":"<p>Viernes Santo: \u00a0\u00a0\u00a0\u00a0 El d\u00eda 18 de abril, viernes santo, como todos los a\u00f1os el personal del colegio prepara una estaci\u00f3n del v\u00eda crucis y as\u00ed se une a la parroquia en el recorrido que Jes\u00fas realiz\u00f3 aquel viernes santo cargando la cruz para salvarnos. \u00a0\u00a0 &nbsp; &nbsp; &nbsp; &nbsp; &nbsp;<\/p>\n","protected":false},"author":1,"featured_media":2044,"comment_status":"open","ping_status":"open","sticky":false,"template":"","format":"standard","meta":{"_et_pb_use_builder":"","_et_pb_old_content":"","_et_gb_content_width":"","footnotes":""},"categories":[3],"tags":[],"class_list":["post-2034","post","type-post","status-publish","format-standard","has-post-thumbnail","hentry","category-noticias"],"_links":{"self":[{"href":"https:\/\/colegiomariareina.cl\/2025\/wp-json\/wp\/v2\/posts\/2034","targetHints":{"allow":["GET"]}}],"collection":[{"href":"https:\/\/colegiomariareina.cl\/2025\/wp-json\/wp\/v2\/posts"}],"about":[{"href":"https:\/\/colegiomariareina.cl\/2025\/wp-json\/wp\/v2\/types\/post"}],"author":[{"embeddable":true,"href":"https:\/\/colegiomariareina.cl\/2025\/wp-json\/wp\/v2\/users\/1"}],"replies":[{"embeddable":true,"href":"https:\/\/colegiomariareina.cl\/2025\/wp-json\/wp\/v2\/comments?post=2034"}],"version-history":[{"count":0,"href":"https:\/\/colegiomariareina.cl\/2025\/wp-json\/wp\/v2\/posts\/2034\/revisions"}],"wp:featuredmedia":[{"embeddable":true,"href":"https:\/\/colegiomariareina.cl\/2025\/wp-json\/wp\/v2\/media\/2044"}],"wp:attachment":[{"href":"https:\/\/colegiomariareina.cl\/2025\/wp-json\/wp\/v2\/media?parent=2034"}],"wp:term":[{"taxonomy":"category","embeddable":true,"href":"https:\/\/colegiomariareina.cl\/2025\/wp-json\/wp\/v2\/categories?post=2034"},{"taxonomy":"post_tag","embeddable":true,"href":"https:\/\/colegiomariareina.cl\/2025\/wp-json\/wp\/v2\/tags?post=2034"}],"curies":[{"name":"wp","href":"https:\/\/api.w.org\/{rel}","templated":true}]}}