{"id":2101,"date":"2014-04-30T15:37:05","date_gmt":"2014-04-30T15:37:05","guid":{"rendered":"http:\/\/colegiomariareina.cl\/2013\/?p=2101"},"modified":"2014-04-30T15:37:05","modified_gmt":"2014-04-30T15:37:05","slug":"encuentro-con-ex-alumnos-26-de-abril","status":"publish","type":"post","link":"https:\/\/colegiomariareina.cl\/2025\/encuentro-con-ex-alumnos-26-de-abril\/","title":{"rendered":"ENCUENTRO CON EX-ALUMNOS &#8211; 26 de Abril"},"content":{"rendered":"<p><b>Encuentro de Ex Alumnos:<\/b><\/p>\n<p style=\"text-align: justify;\">\u00a0\u00a0\u00a0\u00a0\u00a0\u00a0\u00a0\u00a0 El s\u00e1bado 26 de abril se llev\u00f3 a cabo el primer encuentro de\u00a0\u00a0 ex alumnos de las primeras promociones 1968 al 1983. Un encuentro emotivo al recordar a las hermanas que pusieron todas sus energ\u00edas y confianza en Dios para levantar la Escuela 20, n\u00famero que se le asignaba a los establecimientos educacionales en aquellos a\u00f1os, adem\u00e1s porque pudieron ver y marcar sus nombres en las listas del curso de su promoci\u00f3n. Recordaron a los compa\u00f1eros de curso que ya est\u00e1n gozando de la presencia del Se\u00f1or al igual que algunas de nuestras hermanas.<\/p>\n<p style=\"text-align: justify;\">\u00a0\u00a0\u00a0\u00a0\u00a0 Fue un momento de gracia, de compartir, de recordar y de agradecer. Los ex alumnos emocionados contaban sus an\u00e9cdotas y la admiraci\u00f3n que ten\u00edan por cada una de nuestras hermanas fundadoras, sobre todo la alegr\u00eda de ser parte de estos inicios del caminar de lo que en tal entonces era la escuela abandonada n\u00b0 20 , sus esfuerzos y trabajos comunitarios para mejorar sus aulas, patios etc.<\/p>\n<p style=\"text-align: justify;\">\u00a0<a href=\"http:\/\/colegiomariareina.cl\/2013\/wp-content\/uploads\/2014\/04\/DSC01645.jpg\"><img loading=\"lazy\" decoding=\"async\" class=\"alignleft size-thumbnail wp-image-2113\" alt=\"DSC01645\" src=\"http:\/\/colegiomariareina.cl\/2013\/wp-content\/uploads\/2014\/04\/DSC01645-100x100.jpg\" width=\"100\" height=\"100\" \/><\/a> <a href=\"http:\/\/colegiomariareina.cl\/2013\/wp-content\/uploads\/2014\/04\/DSC01644.jpg\"><img loading=\"lazy\" decoding=\"async\" class=\"alignleft size-thumbnail wp-image-2112\" alt=\"DSC01644\" src=\"http:\/\/colegiomariareina.cl\/2013\/wp-content\/uploads\/2014\/04\/DSC01644-100x100.jpg\" width=\"100\" height=\"100\" \/><\/a> <a href=\"http:\/\/colegiomariareina.cl\/2013\/wp-content\/uploads\/2014\/04\/DSC01603.jpg\"><img loading=\"lazy\" decoding=\"async\" class=\"alignleft size-thumbnail wp-image-2111\" alt=\"DSC01603\" src=\"http:\/\/colegiomariareina.cl\/2013\/wp-content\/uploads\/2014\/04\/DSC01603-100x100.jpg\" width=\"100\" height=\"100\" \/><\/a> <a href=\"http:\/\/colegiomariareina.cl\/2013\/wp-content\/uploads\/2014\/04\/DSC01554.jpg\"><img loading=\"lazy\" decoding=\"async\" class=\"alignleft size-thumbnail wp-image-2110\" alt=\"DSC01554\" src=\"http:\/\/colegiomariareina.cl\/2013\/wp-content\/uploads\/2014\/04\/DSC01554-100x100.jpg\" width=\"100\" height=\"100\" \/><\/a> <a href=\"http:\/\/colegiomariareina.cl\/2013\/wp-content\/uploads\/2014\/04\/DSC01543.jpg\"><img loading=\"lazy\" decoding=\"async\" class=\"alignleft size-thumbnail wp-image-2109\" alt=\"DSC01543\" src=\"http:\/\/colegiomariareina.cl\/2013\/wp-content\/uploads\/2014\/04\/DSC01543-100x100.jpg\" width=\"100\" height=\"100\" \/><\/a> <a href=\"http:\/\/colegiomariareina.cl\/2013\/wp-content\/uploads\/2014\/04\/DSC01540.jpg\"><img loading=\"lazy\" decoding=\"async\" class=\"alignleft size-thumbnail wp-image-2108\" alt=\"DSC01540\" src=\"http:\/\/colegiomariareina.cl\/2013\/wp-content\/uploads\/2014\/04\/DSC01540-100x100.jpg\" width=\"100\" height=\"100\" \/><\/a> <a href=\"http:\/\/colegiomariareina.cl\/2013\/wp-content\/uploads\/2014\/04\/DSC01529.jpg\"><img loading=\"lazy\" decoding=\"async\" class=\"alignleft size-thumbnail wp-image-2107\" alt=\"DSC01529\" src=\"http:\/\/colegiomariareina.cl\/2013\/wp-content\/uploads\/2014\/04\/DSC01529-100x100.jpg\" width=\"100\" height=\"100\" \/><\/a> <a href=\"http:\/\/colegiomariareina.cl\/2013\/wp-content\/uploads\/2014\/04\/DSC01514.jpg\"><img loading=\"lazy\" decoding=\"async\" class=\"alignleft size-thumbnail wp-image-2106\" alt=\"DSC01514\" src=\"http:\/\/colegiomariareina.cl\/2013\/wp-content\/uploads\/2014\/04\/DSC01514-100x100.jpg\" width=\"100\" height=\"100\" \/><\/a> <a href=\"http:\/\/colegiomariareina.cl\/2013\/wp-content\/uploads\/2014\/04\/DSC01501.jpg\"><img loading=\"lazy\" decoding=\"async\" class=\"alignleft size-thumbnail wp-image-2105\" alt=\"DSC01501\" src=\"http:\/\/colegiomariareina.cl\/2013\/wp-content\/uploads\/2014\/04\/DSC01501-100x100.jpg\" width=\"100\" height=\"100\" \/><\/a> <a href=\"http:\/\/colegiomariareina.cl\/2013\/wp-content\/uploads\/2014\/04\/DSC01494.jpg\"><img loading=\"lazy\" decoding=\"async\" class=\"alignleft size-thumbnail wp-image-2104\" alt=\"DSC01494\" src=\"http:\/\/colegiomariareina.cl\/2013\/wp-content\/uploads\/2014\/04\/DSC01494-100x100.jpg\" width=\"100\" height=\"100\" \/><\/a> <a href=\"http:\/\/colegiomariareina.cl\/2013\/wp-content\/uploads\/2014\/04\/DSC01487.jpg\"><img loading=\"lazy\" decoding=\"async\" class=\"alignleft size-thumbnail wp-image-2103\" alt=\"DSC01487\" src=\"http:\/\/colegiomariareina.cl\/2013\/wp-content\/uploads\/2014\/04\/DSC01487-100x100.jpg\" width=\"100\" height=\"100\" \/><\/a><a href=\"http:\/\/colegiomariareina.cl\/2013\/wp-content\/uploads\/2014\/04\/DSC01584.jpg\"><img loading=\"lazy\" decoding=\"async\" class=\"alignleft size-thumbnail wp-image-2124\" alt=\"DSC01584\" src=\"http:\/\/colegiomariareina.cl\/2013\/wp-content\/uploads\/2014\/04\/DSC01584-100x100.jpg\" width=\"100\" height=\"100\" \/><\/a> <a href=\"http:\/\/colegiomariareina.cl\/2013\/wp-content\/uploads\/2014\/04\/DSC01578.jpg\"><img loading=\"lazy\" decoding=\"async\" class=\"alignleft size-thumbnail wp-image-2123\" alt=\"DSC01578\" src=\"http:\/\/colegiomariareina.cl\/2013\/wp-content\/uploads\/2014\/04\/DSC01578-100x100.jpg\" width=\"100\" height=\"100\" \/><\/a> <a href=\"http:\/\/colegiomariareina.cl\/2013\/wp-content\/uploads\/2014\/04\/DSC01565.jpg\"><img loading=\"lazy\" decoding=\"async\" class=\"alignleft size-thumbnail wp-image-2122\" alt=\"DSC01565\" src=\"http:\/\/colegiomariareina.cl\/2013\/wp-content\/uploads\/2014\/04\/DSC01565-100x100.jpg\" width=\"100\" height=\"100\" \/><\/a> <a href=\"http:\/\/colegiomariareina.cl\/2013\/wp-content\/uploads\/2014\/04\/DSC01537.jpg\"><img loading=\"lazy\" decoding=\"async\" class=\"alignleft size-thumbnail wp-image-2121\" alt=\"DSC01537\" src=\"http:\/\/colegiomariareina.cl\/2013\/wp-content\/uploads\/2014\/04\/DSC01537-100x100.jpg\" width=\"100\" height=\"100\" \/><\/a> <a href=\"http:\/\/colegiomariareina.cl\/2013\/wp-content\/uploads\/2014\/04\/DSC01536.jpg\"><img loading=\"lazy\" decoding=\"async\" class=\"alignleft size-thumbnail wp-image-2120\" alt=\"DSC01536\" src=\"http:\/\/colegiomariareina.cl\/2013\/wp-content\/uploads\/2014\/04\/DSC01536-100x100.jpg\" width=\"100\" height=\"100\" \/><\/a> <a href=\"http:\/\/colegiomariareina.cl\/2013\/wp-content\/uploads\/2014\/04\/DSC01528.jpg\"><img loading=\"lazy\" decoding=\"async\" class=\"alignleft size-thumbnail wp-image-2119\" alt=\"DSC01528\" src=\"http:\/\/colegiomariareina.cl\/2013\/wp-content\/uploads\/2014\/04\/DSC01528-100x100.jpg\" width=\"100\" height=\"100\" \/><\/a> <a href=\"http:\/\/colegiomariareina.cl\/2013\/wp-content\/uploads\/2014\/04\/DSC01521.jpg\"><img loading=\"lazy\" decoding=\"async\" class=\"alignleft size-thumbnail wp-image-2118\" alt=\"DSC01521\" src=\"http:\/\/colegiomariareina.cl\/2013\/wp-content\/uploads\/2014\/04\/DSC01521-100x100.jpg\" width=\"100\" height=\"100\" \/><\/a><\/p>\n","protected":false},"excerpt":{"rendered":"<p>Encuentro de Ex Alumnos: \u00a0\u00a0\u00a0\u00a0\u00a0\u00a0\u00a0\u00a0 El s\u00e1bado 26 de abril se llev\u00f3 a cabo el primer encuentro de\u00a0\u00a0 ex alumnos de las primeras promociones 1968 al 1983. Un encuentro emotivo al recordar a las hermanas que pusieron todas sus energ\u00edas y confianza en Dios para levantar la Escuela 20, n\u00famero que se le asignaba a [&hellip;]<\/p>\n","protected":false},"author":1,"featured_media":0,"comment_status":"open","ping_status":"open","sticky":false,"template":"","format":"standard","meta":{"_et_pb_use_builder":"","_et_pb_old_content":"","_et_gb_content_width":"","footnotes":""},"categories":[3],"tags":[],"class_list":["post-2101","post","type-post","status-publish","format-standard","hentry","category-noticias"],"_links":{"self":[{"href":"https:\/\/colegiomariareina.cl\/2025\/wp-json\/wp\/v2\/posts\/2101","targetHints":{"allow":["GET"]}}],"collection":[{"href":"https:\/\/colegiomariareina.cl\/2025\/wp-json\/wp\/v2\/posts"}],"about":[{"href":"https:\/\/colegiomariareina.cl\/2025\/wp-json\/wp\/v2\/types\/post"}],"author":[{"embeddable":true,"href":"https:\/\/colegiomariareina.cl\/2025\/wp-json\/wp\/v2\/users\/1"}],"replies":[{"embeddable":true,"href":"https:\/\/colegiomariareina.cl\/2025\/wp-json\/wp\/v2\/comments?post=2101"}],"version-history":[{"count":0,"href":"https:\/\/colegiomariareina.cl\/2025\/wp-json\/wp\/v2\/posts\/2101\/revisions"}],"wp:attachment":[{"href":"https:\/\/colegiomariareina.cl\/2025\/wp-json\/wp\/v2\/media?parent=2101"}],"wp:term":[{"taxonomy":"category","embeddable":true,"href":"https:\/\/colegiomariareina.cl\/2025\/wp-json\/wp\/v2\/categories?post=2101"},{"taxonomy":"post_tag","embeddable":true,"href":"https:\/\/colegiomariareina.cl\/2025\/wp-json\/wp\/v2\/tags?post=2101"}],"curies":[{"name":"wp","href":"https:\/\/api.w.org\/{rel}","templated":true}]}}