{"id":2195,"date":"2014-05-30T18:47:14","date_gmt":"2014-05-30T18:47:14","guid":{"rendered":"http:\/\/colegiomariareina.cl\/2013\/?p=2195"},"modified":"2014-05-30T18:47:14","modified_gmt":"2014-05-30T18:47:14","slug":"reunion-de-directivas-9-de-mayo","status":"publish","type":"post","link":"https:\/\/colegiomariareina.cl\/2025\/reunion-de-directivas-9-de-mayo\/","title":{"rendered":"REUNI\u00d3N DE DIRECTIVAS: 9 de Mayo."},"content":{"rendered":"<p><b>REUNI\u00d3N E DIRECTIVAS:<\/b><\/p>\n<p>En un Colegio el trabajo debe ser en conjunto con padres para lograr un mejor aprendizaje de los estudiantes y adem\u00e1s porque las actividades son en beneficio de los estudiantes. As\u00ed para organizar dar a conocer el programa de trabajo el centro de padres se reuni\u00f3 el d\u00eda 07 de mayo con todas las directivas de los curso.<\/p>\n<p><a href=\"http:\/\/colegiomariareina.cl\/2013\/wp-content\/uploads\/2014\/05\/la-foto8.jpg\"><img loading=\"lazy\" decoding=\"async\" class=\"alignleft size-thumbnail wp-image-2205\" alt=\"la foto8\" src=\"http:\/\/colegiomariareina.cl\/2013\/wp-content\/uploads\/2014\/05\/la-foto8-100x100.jpg\" width=\"100\" height=\"100\" \/><\/a> <a href=\"http:\/\/colegiomariareina.cl\/2013\/wp-content\/uploads\/2014\/05\/la-foto5.jpg\"><img loading=\"lazy\" decoding=\"async\" class=\"alignleft size-thumbnail wp-image-2204\" alt=\"la foto5\" src=\"http:\/\/colegiomariareina.cl\/2013\/wp-content\/uploads\/2014\/05\/la-foto5-100x100.jpg\" width=\"100\" height=\"100\" \/><\/a> <a href=\"http:\/\/colegiomariareina.cl\/2013\/wp-content\/uploads\/2014\/05\/la-foto3.jpg\"><img loading=\"lazy\" decoding=\"async\" class=\"alignleft size-thumbnail wp-image-2203\" alt=\"la foto3\" src=\"http:\/\/colegiomariareina.cl\/2013\/wp-content\/uploads\/2014\/05\/la-foto3-100x100.jpg\" width=\"100\" height=\"100\" \/><\/a> <a href=\"http:\/\/colegiomariareina.cl\/2013\/wp-content\/uploads\/2014\/05\/la-foto2.jpg\"><img loading=\"lazy\" decoding=\"async\" class=\"alignleft size-thumbnail wp-image-2202\" alt=\"la foto2\" src=\"http:\/\/colegiomariareina.cl\/2013\/wp-content\/uploads\/2014\/05\/la-foto2-100x100.jpg\" width=\"100\" height=\"100\" \/><\/a> <a href=\"http:\/\/colegiomariareina.cl\/2013\/wp-content\/uploads\/2014\/05\/la-foto.jpg\"><img loading=\"lazy\" decoding=\"async\" class=\"alignleft size-thumbnail wp-image-2201\" alt=\"la foto\" src=\"http:\/\/colegiomariareina.cl\/2013\/wp-content\/uploads\/2014\/05\/la-foto-100x100.jpg\" width=\"100\" height=\"100\" \/><\/a><\/p>\n<p>&nbsp;<\/p>\n","protected":false},"excerpt":{"rendered":"<p>REUNI\u00d3N E DIRECTIVAS: En un Colegio el trabajo debe ser en conjunto con padres para lograr un mejor aprendizaje de los estudiantes y adem\u00e1s porque las actividades son en beneficio de los estudiantes. As\u00ed para organizar dar a conocer el programa de trabajo el centro de padres se reuni\u00f3 el d\u00eda 07 de mayo con [&hellip;]<\/p>\n","protected":false},"author":1,"featured_media":2203,"comment_status":"open","ping_status":"open","sticky":false,"template":"","format":"standard","meta":{"_et_pb_use_builder":"","_et_pb_old_content":"","_et_gb_content_width":"","footnotes":""},"categories":[3],"tags":[],"class_list":["post-2195","post","type-post","status-publish","format-standard","has-post-thumbnail","hentry","category-noticias"],"_links":{"self":[{"href":"https:\/\/colegiomariareina.cl\/2025\/wp-json\/wp\/v2\/posts\/2195","targetHints":{"allow":["GET"]}}],"collection":[{"href":"https:\/\/colegiomariareina.cl\/2025\/wp-json\/wp\/v2\/posts"}],"about":[{"href":"https:\/\/colegiomariareina.cl\/2025\/wp-json\/wp\/v2\/types\/post"}],"author":[{"embeddable":true,"href":"https:\/\/colegiomariareina.cl\/2025\/wp-json\/wp\/v2\/users\/1"}],"replies":[{"embeddable":true,"href":"https:\/\/colegiomariareina.cl\/2025\/wp-json\/wp\/v2\/comments?post=2195"}],"version-history":[{"count":0,"href":"https:\/\/colegiomariareina.cl\/2025\/wp-json\/wp\/v2\/posts\/2195\/revisions"}],"wp:featuredmedia":[{"embeddable":true,"href":"https:\/\/colegiomariareina.cl\/2025\/wp-json\/wp\/v2\/media\/2203"}],"wp:attachment":[{"href":"https:\/\/colegiomariareina.cl\/2025\/wp-json\/wp\/v2\/media?parent=2195"}],"wp:term":[{"taxonomy":"category","embeddable":true,"href":"https:\/\/colegiomariareina.cl\/2025\/wp-json\/wp\/v2\/categories?post=2195"},{"taxonomy":"post_tag","embeddable":true,"href":"https:\/\/colegiomariareina.cl\/2025\/wp-json\/wp\/v2\/tags?post=2195"}],"curies":[{"name":"wp","href":"https:\/\/api.w.org\/{rel}","templated":true}]}}