{"id":2220,"date":"2014-05-30T18:59:51","date_gmt":"2014-05-30T18:59:51","guid":{"rendered":"http:\/\/colegiomariareina.cl\/2013\/?p=2220"},"modified":"2014-05-30T18:59:51","modified_gmt":"2014-05-30T18:59:51","slug":"pastoral-familiar-14-de-mayo","status":"publish","type":"post","link":"https:\/\/colegiomariareina.cl\/2025\/pastoral-familiar-14-de-mayo\/","title":{"rendered":"PASTORAL FAMILIAR: 14 de Mayo."},"content":{"rendered":"<p><b>PASTORAL FAMILIAR:<\/b><\/p>\n<p style=\"text-align: justify;\">El d\u00eda 14 de mayo la pastoral familiar se re\u00fane para orar y profundizar la fe. En este a\u00f1o de misi\u00f3n reflexionar sobre la vocaci\u00f3n cristiana y el papel que desempe\u00f1a un seguidor de Jesucristo que debe dar testimonio en todos los lugares.\u00a0<\/p>\n<p>Participan de estos encuentros\u00a0 los delegados de pastoral de cada curso.<\/p>\n<p><a href=\"http:\/\/colegiomariareina.cl\/2013\/wp-content\/uploads\/2014\/05\/DSC02254.jpg\"><img loading=\"lazy\" decoding=\"async\" class=\"alignleft size-thumbnail wp-image-2229\" alt=\"DSC02254\" src=\"http:\/\/colegiomariareina.cl\/2013\/wp-content\/uploads\/2014\/05\/DSC02254-100x100.jpg\" width=\"100\" height=\"100\" \/><\/a> <a href=\"http:\/\/colegiomariareina.cl\/2013\/wp-content\/uploads\/2014\/05\/DSC02251.jpg\"><img loading=\"lazy\" decoding=\"async\" class=\"alignleft size-thumbnail wp-image-2228\" alt=\"DSC02251\" src=\"http:\/\/colegiomariareina.cl\/2013\/wp-content\/uploads\/2014\/05\/DSC02251-100x100.jpg\" width=\"100\" height=\"100\" \/><\/a> <a href=\"http:\/\/colegiomariareina.cl\/2013\/wp-content\/uploads\/2014\/05\/DSC02242.jpg\"><img loading=\"lazy\" decoding=\"async\" class=\"alignleft size-thumbnail wp-image-2226\" alt=\"DSC02242\" src=\"http:\/\/colegiomariareina.cl\/2013\/wp-content\/uploads\/2014\/05\/DSC02242-100x100.jpg\" width=\"100\" height=\"100\" \/><\/a> <a href=\"http:\/\/colegiomariareina.cl\/2013\/wp-content\/uploads\/2014\/05\/DSC02241.jpg\"><img loading=\"lazy\" decoding=\"async\" class=\"alignleft size-thumbnail wp-image-2225\" alt=\"DSC02241\" src=\"http:\/\/colegiomariareina.cl\/2013\/wp-content\/uploads\/2014\/05\/DSC02241-100x100.jpg\" width=\"100\" height=\"100\" \/><\/a> <a href=\"http:\/\/colegiomariareina.cl\/2013\/wp-content\/uploads\/2014\/05\/DSC02240.jpg\"><img loading=\"lazy\" decoding=\"async\" class=\"alignleft size-thumbnail wp-image-2224\" alt=\"DSC02240\" src=\"http:\/\/colegiomariareina.cl\/2013\/wp-content\/uploads\/2014\/05\/DSC02240-100x100.jpg\" width=\"100\" height=\"100\" \/><\/a> <a href=\"http:\/\/colegiomariareina.cl\/2013\/wp-content\/uploads\/2014\/05\/DSC02239.jpg\"><img loading=\"lazy\" decoding=\"async\" class=\"alignleft size-thumbnail wp-image-2223\" alt=\"DSC02239\" src=\"http:\/\/colegiomariareina.cl\/2013\/wp-content\/uploads\/2014\/05\/DSC02239-100x100.jpg\" width=\"100\" height=\"100\" \/><\/a> <a href=\"http:\/\/colegiomariareina.cl\/2013\/wp-content\/uploads\/2014\/05\/DSC02228.jpg\"><img loading=\"lazy\" decoding=\"async\" class=\"alignleft size-thumbnail wp-image-2221\" alt=\"DSC02228\" src=\"http:\/\/colegiomariareina.cl\/2013\/wp-content\/uploads\/2014\/05\/DSC02228-100x100.jpg\" width=\"100\" height=\"100\" \/><\/a><\/p>\n","protected":false},"excerpt":{"rendered":"<p>PASTORAL FAMILIAR: El d\u00eda 14 de mayo la pastoral familiar se re\u00fane para orar y profundizar la fe. En este a\u00f1o de misi\u00f3n reflexionar sobre la vocaci\u00f3n cristiana y el papel que desempe\u00f1a un seguidor de Jesucristo que debe dar testimonio en todos los lugares.\u00a0 Participan de estos encuentros\u00a0 los delegados de pastoral de cada [&hellip;]<\/p>\n","protected":false},"author":1,"featured_media":2224,"comment_status":"open","ping_status":"open","sticky":false,"template":"","format":"standard","meta":{"_et_pb_use_builder":"","_et_pb_old_content":"","_et_gb_content_width":"","footnotes":""},"categories":[3],"tags":[],"class_list":["post-2220","post","type-post","status-publish","format-standard","has-post-thumbnail","hentry","category-noticias"],"_links":{"self":[{"href":"https:\/\/colegiomariareina.cl\/2025\/wp-json\/wp\/v2\/posts\/2220","targetHints":{"allow":["GET"]}}],"collection":[{"href":"https:\/\/colegiomariareina.cl\/2025\/wp-json\/wp\/v2\/posts"}],"about":[{"href":"https:\/\/colegiomariareina.cl\/2025\/wp-json\/wp\/v2\/types\/post"}],"author":[{"embeddable":true,"href":"https:\/\/colegiomariareina.cl\/2025\/wp-json\/wp\/v2\/users\/1"}],"replies":[{"embeddable":true,"href":"https:\/\/colegiomariareina.cl\/2025\/wp-json\/wp\/v2\/comments?post=2220"}],"version-history":[{"count":0,"href":"https:\/\/colegiomariareina.cl\/2025\/wp-json\/wp\/v2\/posts\/2220\/revisions"}],"wp:featuredmedia":[{"embeddable":true,"href":"https:\/\/colegiomariareina.cl\/2025\/wp-json\/wp\/v2\/media\/2224"}],"wp:attachment":[{"href":"https:\/\/colegiomariareina.cl\/2025\/wp-json\/wp\/v2\/media?parent=2220"}],"wp:term":[{"taxonomy":"category","embeddable":true,"href":"https:\/\/colegiomariareina.cl\/2025\/wp-json\/wp\/v2\/categories?post=2220"},{"taxonomy":"post_tag","embeddable":true,"href":"https:\/\/colegiomariareina.cl\/2025\/wp-json\/wp\/v2\/tags?post=2220"}],"curies":[{"name":"wp","href":"https:\/\/api.w.org\/{rel}","templated":true}]}}