{"id":2247,"date":"2014-05-30T19:07:44","date_gmt":"2014-05-30T19:07:44","guid":{"rendered":"http:\/\/colegiomariareina.cl\/2013\/?p=2247"},"modified":"2014-05-30T19:07:44","modified_gmt":"2014-05-30T19:07:44","slug":"pastoral-juvenil-viernes-16-de-mayo","status":"publish","type":"post","link":"https:\/\/colegiomariareina.cl\/2025\/pastoral-juvenil-viernes-16-de-mayo\/","title":{"rendered":"PASTORAL JUVENIL: Viernes 16 de Mayo"},"content":{"rendered":"<p>ENV\u00cdO MISI\u00d3N JUVENIL:<\/p>\n<p style=\"text-align: justify;\">El viernes 16 de mayo los j\u00f3venes de la pastoral juvenil juntamente con sus padres asisten a la ceremonia de env\u00edo. Con esta celebraci\u00f3n los j\u00f3venes se comprometen a asistir a todas las actividades de pastoral y las familias a facilitar su asistencia.\u00a0\u00a0<\/p>\n<p style=\"text-align: justify;\"><a href=\"http:\/\/colegiomariareina.cl\/2013\/wp-content\/uploads\/2014\/05\/DSC02359.jpg\"><img loading=\"lazy\" decoding=\"async\" class=\"alignleft size-thumbnail wp-image-2246\" alt=\"DSC02359\" src=\"http:\/\/colegiomariareina.cl\/2013\/wp-content\/uploads\/2014\/05\/DSC02359-100x100.jpg\" width=\"100\" height=\"100\" \/><\/a> <a href=\"http:\/\/colegiomariareina.cl\/2013\/wp-content\/uploads\/2014\/05\/DSC02352.jpg\"><img loading=\"lazy\" decoding=\"async\" class=\"alignleft size-thumbnail wp-image-2245\" alt=\"DSC02352\" src=\"http:\/\/colegiomariareina.cl\/2013\/wp-content\/uploads\/2014\/05\/DSC02352-100x100.jpg\" width=\"100\" height=\"100\" \/><\/a> <a href=\"http:\/\/colegiomariareina.cl\/2013\/wp-content\/uploads\/2014\/05\/DSC02346.jpg\"><img loading=\"lazy\" decoding=\"async\" class=\"alignleft size-thumbnail wp-image-2244\" alt=\"DSC02346\" src=\"http:\/\/colegiomariareina.cl\/2013\/wp-content\/uploads\/2014\/05\/DSC02346-100x100.jpg\" width=\"100\" height=\"100\" \/><\/a> <a href=\"http:\/\/colegiomariareina.cl\/2013\/wp-content\/uploads\/2014\/05\/DSC02345.jpg\"><img loading=\"lazy\" decoding=\"async\" class=\"alignleft size-thumbnail wp-image-2243\" alt=\"DSC02345\" src=\"http:\/\/colegiomariareina.cl\/2013\/wp-content\/uploads\/2014\/05\/DSC02345-100x100.jpg\" width=\"100\" height=\"100\" \/><\/a> <a href=\"http:\/\/colegiomariareina.cl\/2013\/wp-content\/uploads\/2014\/05\/DSC02344.jpg\"><img loading=\"lazy\" decoding=\"async\" class=\"alignleft size-thumbnail wp-image-2242\" alt=\"DSC02344\" src=\"http:\/\/colegiomariareina.cl\/2013\/wp-content\/uploads\/2014\/05\/DSC02344-100x100.jpg\" width=\"100\" height=\"100\" \/><\/a> <a href=\"http:\/\/colegiomariareina.cl\/2013\/wp-content\/uploads\/2014\/05\/DSC02343.jpg\"><img loading=\"lazy\" decoding=\"async\" class=\"alignleft size-thumbnail wp-image-2241\" alt=\"DSC02343\" src=\"http:\/\/colegiomariareina.cl\/2013\/wp-content\/uploads\/2014\/05\/DSC02343-100x100.jpg\" width=\"100\" height=\"100\" \/><\/a> <a href=\"http:\/\/colegiomariareina.cl\/2013\/wp-content\/uploads\/2014\/05\/DSC02308.jpg\"><img loading=\"lazy\" decoding=\"async\" class=\"alignleft size-thumbnail wp-image-2240\" alt=\"DSC02308\" src=\"http:\/\/colegiomariareina.cl\/2013\/wp-content\/uploads\/2014\/05\/DSC02308-100x100.jpg\" width=\"100\" height=\"100\" \/><\/a> <a href=\"http:\/\/colegiomariareina.cl\/2013\/wp-content\/uploads\/2014\/05\/DSC02303.jpg\"><img loading=\"lazy\" decoding=\"async\" class=\"alignleft size-thumbnail wp-image-2239\" alt=\"DSC02303\" src=\"http:\/\/colegiomariareina.cl\/2013\/wp-content\/uploads\/2014\/05\/DSC02303-100x100.jpg\" width=\"100\" height=\"100\" \/><\/a> <a href=\"http:\/\/colegiomariareina.cl\/2013\/wp-content\/uploads\/2014\/05\/DSC02287.jpg\"><img loading=\"lazy\" decoding=\"async\" class=\"alignleft size-thumbnail wp-image-2238\" alt=\"DSC02287\" src=\"http:\/\/colegiomariareina.cl\/2013\/wp-content\/uploads\/2014\/05\/DSC02287-100x100.jpg\" width=\"100\" height=\"100\" \/><\/a> <a href=\"http:\/\/colegiomariareina.cl\/2013\/wp-content\/uploads\/2014\/05\/DSC02285.jpg\"><img loading=\"lazy\" decoding=\"async\" class=\"alignleft size-thumbnail wp-image-2237\" alt=\"DSC02285\" src=\"http:\/\/colegiomariareina.cl\/2013\/wp-content\/uploads\/2014\/05\/DSC02285-100x100.jpg\" width=\"100\" height=\"100\" \/><\/a> <a href=\"http:\/\/colegiomariareina.cl\/2013\/wp-content\/uploads\/2014\/05\/DSC02278.jpg\"><img loading=\"lazy\" decoding=\"async\" class=\"alignleft size-thumbnail wp-image-2236\" alt=\"DSC02278\" src=\"http:\/\/colegiomariareina.cl\/2013\/wp-content\/uploads\/2014\/05\/DSC02278-100x100.jpg\" width=\"100\" height=\"100\" \/><\/a> <a href=\"http:\/\/colegiomariareina.cl\/2013\/wp-content\/uploads\/2014\/05\/DSC02274.jpg\"><img loading=\"lazy\" decoding=\"async\" class=\"alignleft size-thumbnail wp-image-2235\" alt=\"DSC02274\" src=\"http:\/\/colegiomariareina.cl\/2013\/wp-content\/uploads\/2014\/05\/DSC02274-100x100.jpg\" width=\"100\" height=\"100\" \/><\/a> <a href=\"http:\/\/colegiomariareina.cl\/2013\/wp-content\/uploads\/2014\/05\/DSC02273.jpg\"><img loading=\"lazy\" decoding=\"async\" class=\"alignleft size-thumbnail wp-image-2234\" alt=\"DSC02273\" src=\"http:\/\/colegiomariareina.cl\/2013\/wp-content\/uploads\/2014\/05\/DSC02273-100x100.jpg\" width=\"100\" height=\"100\" \/><\/a> <a href=\"http:\/\/colegiomariareina.cl\/2013\/wp-content\/uploads\/2014\/05\/DSC02270.jpg\"><img loading=\"lazy\" decoding=\"async\" class=\"alignleft size-thumbnail wp-image-2233\" alt=\"DSC02270\" src=\"http:\/\/colegiomariareina.cl\/2013\/wp-content\/uploads\/2014\/05\/DSC02270-100x100.jpg\" width=\"100\" height=\"100\" \/><\/a> <a href=\"http:\/\/colegiomariareina.cl\/2013\/wp-content\/uploads\/2014\/05\/DSC02258.jpg\"><img loading=\"lazy\" decoding=\"async\" class=\"alignleft size-thumbnail wp-image-2232\" alt=\"DSC02258\" src=\"http:\/\/colegiomariareina.cl\/2013\/wp-content\/uploads\/2014\/05\/DSC02258-100x100.jpg\" width=\"100\" height=\"100\" \/><\/a><\/p>\n","protected":false},"excerpt":{"rendered":"<p>ENV\u00cdO MISI\u00d3N JUVENIL: El viernes 16 de mayo los j\u00f3venes de la pastoral juvenil juntamente con sus padres asisten a la ceremonia de env\u00edo. Con esta celebraci\u00f3n los j\u00f3venes se comprometen a asistir a todas las actividades de pastoral y las familias a facilitar su asistencia.\u00a0\u00a0<\/p>\n","protected":false},"author":1,"featured_media":2241,"comment_status":"open","ping_status":"open","sticky":false,"template":"","format":"standard","meta":{"_et_pb_use_builder":"","_et_pb_old_content":"","_et_gb_content_width":"","footnotes":""},"categories":[3],"tags":[],"class_list":["post-2247","post","type-post","status-publish","format-standard","has-post-thumbnail","hentry","category-noticias"],"_links":{"self":[{"href":"https:\/\/colegiomariareina.cl\/2025\/wp-json\/wp\/v2\/posts\/2247","targetHints":{"allow":["GET"]}}],"collection":[{"href":"https:\/\/colegiomariareina.cl\/2025\/wp-json\/wp\/v2\/posts"}],"about":[{"href":"https:\/\/colegiomariareina.cl\/2025\/wp-json\/wp\/v2\/types\/post"}],"author":[{"embeddable":true,"href":"https:\/\/colegiomariareina.cl\/2025\/wp-json\/wp\/v2\/users\/1"}],"replies":[{"embeddable":true,"href":"https:\/\/colegiomariareina.cl\/2025\/wp-json\/wp\/v2\/comments?post=2247"}],"version-history":[{"count":0,"href":"https:\/\/colegiomariareina.cl\/2025\/wp-json\/wp\/v2\/posts\/2247\/revisions"}],"wp:featuredmedia":[{"embeddable":true,"href":"https:\/\/colegiomariareina.cl\/2025\/wp-json\/wp\/v2\/media\/2241"}],"wp:attachment":[{"href":"https:\/\/colegiomariareina.cl\/2025\/wp-json\/wp\/v2\/media?parent=2247"}],"wp:term":[{"taxonomy":"category","embeddable":true,"href":"https:\/\/colegiomariareina.cl\/2025\/wp-json\/wp\/v2\/categories?post=2247"},{"taxonomy":"post_tag","embeddable":true,"href":"https:\/\/colegiomariareina.cl\/2025\/wp-json\/wp\/v2\/tags?post=2247"}],"curies":[{"name":"wp","href":"https:\/\/api.w.org\/{rel}","templated":true}]}}