{"id":2257,"date":"2014-05-30T19:13:19","date_gmt":"2014-05-30T19:13:19","guid":{"rendered":"http:\/\/colegiomariareina.cl\/2013\/?p=2257"},"modified":"2014-05-30T19:13:19","modified_gmt":"2014-05-30T19:13:19","slug":"acto-civico-de-2-a-5-basico-19-de-mayo","status":"publish","type":"post","link":"https:\/\/colegiomariareina.cl\/2025\/acto-civico-de-2-a-5-basico-19-de-mayo\/","title":{"rendered":"ACTO CIVICO DE 2\u00b0 a 5\u00b0 BASICO: 19 de Mayo."},"content":{"rendered":"<p><b>Acto c\u00edvico de 2 a 5 b\u00e1sico: <\/b><\/p>\n<p>El d\u00eda 19 los estudiantes de 2<sup>o <\/sup>\u00a0a 5<sup>o <\/sup>b\u00e1sico recordaron el gran acontecimiento del 21 de mayo, resaltando la figura y valent\u00eda de Arturo Prat.\u00a0<\/p>\n<p><a href=\"http:\/\/colegiomariareina.cl\/2013\/wp-content\/uploads\/2014\/05\/DSC02401.jpg\"><img loading=\"lazy\" decoding=\"async\" class=\"alignleft size-thumbnail wp-image-2256\" alt=\"DSC02401\" src=\"http:\/\/colegiomariareina.cl\/2013\/wp-content\/uploads\/2014\/05\/DSC02401-100x100.jpg\" width=\"100\" height=\"100\" \/><\/a> <a href=\"http:\/\/colegiomariareina.cl\/2013\/wp-content\/uploads\/2014\/05\/DSC02400.jpg\"><img loading=\"lazy\" decoding=\"async\" class=\"alignleft size-thumbnail wp-image-2255\" alt=\"DSC02400\" src=\"http:\/\/colegiomariareina.cl\/2013\/wp-content\/uploads\/2014\/05\/DSC02400-100x100.jpg\" width=\"100\" height=\"100\" \/><\/a> <a href=\"http:\/\/colegiomariareina.cl\/2013\/wp-content\/uploads\/2014\/05\/DSC02399.jpg\"><img loading=\"lazy\" decoding=\"async\" class=\"alignleft size-thumbnail wp-image-2254\" alt=\"DSC02399\" src=\"http:\/\/colegiomariareina.cl\/2013\/wp-content\/uploads\/2014\/05\/DSC02399-100x100.jpg\" width=\"100\" height=\"100\" \/><\/a> <a href=\"http:\/\/colegiomariareina.cl\/2013\/wp-content\/uploads\/2014\/05\/DSC02398.jpg\"><img loading=\"lazy\" decoding=\"async\" class=\"alignleft size-thumbnail wp-image-2253\" alt=\"DSC02398\" src=\"http:\/\/colegiomariareina.cl\/2013\/wp-content\/uploads\/2014\/05\/DSC02398-100x100.jpg\" width=\"100\" height=\"100\" \/><\/a> <a href=\"http:\/\/colegiomariareina.cl\/2013\/wp-content\/uploads\/2014\/05\/DSC02395.jpg\"><img loading=\"lazy\" decoding=\"async\" class=\"alignleft size-thumbnail wp-image-2252\" alt=\"DSC02395\" src=\"http:\/\/colegiomariareina.cl\/2013\/wp-content\/uploads\/2014\/05\/DSC02395-100x100.jpg\" width=\"100\" height=\"100\" \/><\/a> <a href=\"http:\/\/colegiomariareina.cl\/2013\/wp-content\/uploads\/2014\/05\/DSC02387.jpg\"><img loading=\"lazy\" decoding=\"async\" class=\"alignleft size-thumbnail wp-image-2250\" alt=\"DSC02387\" src=\"http:\/\/colegiomariareina.cl\/2013\/wp-content\/uploads\/2014\/05\/DSC02387-100x100.jpg\" width=\"100\" height=\"100\" \/><\/a> <a href=\"http:\/\/colegiomariareina.cl\/2013\/wp-content\/uploads\/2014\/05\/DSC02373.jpg\"><img loading=\"lazy\" decoding=\"async\" class=\"alignleft size-thumbnail wp-image-2249\" alt=\"DSC02373\" src=\"http:\/\/colegiomariareina.cl\/2013\/wp-content\/uploads\/2014\/05\/DSC02373-100x100.jpg\" width=\"100\" height=\"100\" \/><\/a><\/p>\n","protected":false},"excerpt":{"rendered":"<p>Acto c\u00edvico de 2 a 5 b\u00e1sico: El d\u00eda 19 los estudiantes de 2o \u00a0a 5o b\u00e1sico recordaron el gran acontecimiento del 21 de mayo, resaltando la figura y valent\u00eda de Arturo Prat.\u00a0<\/p>\n","protected":false},"author":1,"featured_media":2252,"comment_status":"open","ping_status":"open","sticky":false,"template":"","format":"standard","meta":{"_et_pb_use_builder":"","_et_pb_old_content":"","_et_gb_content_width":"","footnotes":""},"categories":[3],"tags":[],"class_list":["post-2257","post","type-post","status-publish","format-standard","has-post-thumbnail","hentry","category-noticias"],"_links":{"self":[{"href":"https:\/\/colegiomariareina.cl\/2025\/wp-json\/wp\/v2\/posts\/2257","targetHints":{"allow":["GET"]}}],"collection":[{"href":"https:\/\/colegiomariareina.cl\/2025\/wp-json\/wp\/v2\/posts"}],"about":[{"href":"https:\/\/colegiomariareina.cl\/2025\/wp-json\/wp\/v2\/types\/post"}],"author":[{"embeddable":true,"href":"https:\/\/colegiomariareina.cl\/2025\/wp-json\/wp\/v2\/users\/1"}],"replies":[{"embeddable":true,"href":"https:\/\/colegiomariareina.cl\/2025\/wp-json\/wp\/v2\/comments?post=2257"}],"version-history":[{"count":0,"href":"https:\/\/colegiomariareina.cl\/2025\/wp-json\/wp\/v2\/posts\/2257\/revisions"}],"wp:featuredmedia":[{"embeddable":true,"href":"https:\/\/colegiomariareina.cl\/2025\/wp-json\/wp\/v2\/media\/2252"}],"wp:attachment":[{"href":"https:\/\/colegiomariareina.cl\/2025\/wp-json\/wp\/v2\/media?parent=2257"}],"wp:term":[{"taxonomy":"category","embeddable":true,"href":"https:\/\/colegiomariareina.cl\/2025\/wp-json\/wp\/v2\/categories?post=2257"},{"taxonomy":"post_tag","embeddable":true,"href":"https:\/\/colegiomariareina.cl\/2025\/wp-json\/wp\/v2\/tags?post=2257"}],"curies":[{"name":"wp","href":"https:\/\/api.w.org\/{rel}","templated":true}]}}