{"id":2350,"date":"2014-06-02T19:44:53","date_gmt":"2014-06-02T19:44:53","guid":{"rendered":"http:\/\/colegiomariareina.cl\/2013\/?p=2350"},"modified":"2014-06-02T19:44:53","modified_gmt":"2014-06-02T19:44:53","slug":"cotolengo-23-de-mayo","status":"publish","type":"post","link":"https:\/\/colegiomariareina.cl\/2025\/cotolengo-23-de-mayo\/","title":{"rendered":"COTOLENGO &#8211; 23 de Mayo"},"content":{"rendered":"<p><strong>PEQUE\u00d1O COTOLENGO:<\/strong><\/p>\n<p style=\"text-align: justify;\">\u00a0\u00a0\u00a0\u00a0 El d\u00eda 23 de mayo la pastoral juvenil realiza su primera visita al peque\u00f1o Cotolengo, los j\u00f3venes que asisten quedan impactados por las realidades que les han podido observar y compartir. El compromiso que desean asumir con estos ni\u00f1os, j\u00f3venes y adultos con capacidades diferentes es visitarlos, colaborar con la campa\u00f1a de recolecci\u00f3n de fondos y con las visitas peri\u00f3dicas.<\/p>\n<p style=\"text-align: justify;\">\u00a0<\/p>\n<p><a href=\"http:\/\/colegiomariareina.cl\/2013\/wp-content\/uploads\/2014\/06\/IMG_17572.jpg\"><img loading=\"lazy\" decoding=\"async\" class=\"alignleft size-thumbnail wp-image-2354\" alt=\"IMG_1757\" src=\"http:\/\/colegiomariareina.cl\/2013\/wp-content\/uploads\/2014\/06\/IMG_17572-100x100.jpg\" width=\"100\" height=\"100\" \/><\/a><\/p>\n","protected":false},"excerpt":{"rendered":"<p>PEQUE\u00d1O COTOLENGO: \u00a0\u00a0\u00a0\u00a0 El d\u00eda 23 de mayo la pastoral juvenil realiza su primera visita al peque\u00f1o Cotolengo, los j\u00f3venes que asisten quedan impactados por las realidades que les han podido observar y compartir. El compromiso que desean asumir con estos ni\u00f1os, j\u00f3venes y adultos con capacidades diferentes es visitarlos, colaborar con la campa\u00f1a de [&hellip;]<\/p>\n","protected":false},"author":1,"featured_media":2353,"comment_status":"open","ping_status":"open","sticky":false,"template":"","format":"standard","meta":{"_et_pb_use_builder":"","_et_pb_old_content":"","_et_gb_content_width":"","footnotes":""},"categories":[3],"tags":[],"class_list":["post-2350","post","type-post","status-publish","format-standard","has-post-thumbnail","hentry","category-noticias"],"_links":{"self":[{"href":"https:\/\/colegiomariareina.cl\/2025\/wp-json\/wp\/v2\/posts\/2350","targetHints":{"allow":["GET"]}}],"collection":[{"href":"https:\/\/colegiomariareina.cl\/2025\/wp-json\/wp\/v2\/posts"}],"about":[{"href":"https:\/\/colegiomariareina.cl\/2025\/wp-json\/wp\/v2\/types\/post"}],"author":[{"embeddable":true,"href":"https:\/\/colegiomariareina.cl\/2025\/wp-json\/wp\/v2\/users\/1"}],"replies":[{"embeddable":true,"href":"https:\/\/colegiomariareina.cl\/2025\/wp-json\/wp\/v2\/comments?post=2350"}],"version-history":[{"count":0,"href":"https:\/\/colegiomariareina.cl\/2025\/wp-json\/wp\/v2\/posts\/2350\/revisions"}],"wp:featuredmedia":[{"embeddable":true,"href":"https:\/\/colegiomariareina.cl\/2025\/wp-json\/wp\/v2\/media\/2353"}],"wp:attachment":[{"href":"https:\/\/colegiomariareina.cl\/2025\/wp-json\/wp\/v2\/media?parent=2350"}],"wp:term":[{"taxonomy":"category","embeddable":true,"href":"https:\/\/colegiomariareina.cl\/2025\/wp-json\/wp\/v2\/categories?post=2350"},{"taxonomy":"post_tag","embeddable":true,"href":"https:\/\/colegiomariareina.cl\/2025\/wp-json\/wp\/v2\/tags?post=2350"}],"curies":[{"name":"wp","href":"https:\/\/api.w.org\/{rel}","templated":true}]}}