{"id":2358,"date":"2014-06-02T20:11:56","date_gmt":"2014-06-02T20:11:56","guid":{"rendered":"http:\/\/colegiomariareina.cl\/2013\/?p=2358"},"modified":"2014-06-02T20:11:56","modified_gmt":"2014-06-02T20:11:56","slug":"ayuda-a-valparaiso-23-de-mayo","status":"publish","type":"post","link":"https:\/\/colegiomariareina.cl\/2025\/ayuda-a-valparaiso-23-de-mayo\/","title":{"rendered":"AYUDA A VALPARA\u00cdSO: 23 de Mayo."},"content":{"rendered":"<p><b>AYUDA A VALPARA\u00cdSO:<\/b><\/p>\n<p style=\"text-align: justify;\">\u00a0\u00a0\u00a0\u00a0\u00a0\u00a0 El d\u00eda viernes 23 un grupo de estudiantes de la pastoral juvenil, del centro de alumnos juntamente con los profesores y la directora hacen entrega de la donaci\u00f3n a las familias de Valpara\u00edso, de esa forma tambi\u00e9n nosotros como colegio nos hacemos parte del sufrimiento de nuestros hermanos.<\/p>\n<p style=\"text-align: justify;\">\n<p style=\"text-align: justify;\">\u00a0<a href=\"http:\/\/colegiomariareina.cl\/2013\/wp-content\/uploads\/2014\/06\/DSC02602.jpg\"><img loading=\"lazy\" decoding=\"async\" class=\"alignleft size-thumbnail wp-image-2372\" alt=\"DSC02602\" src=\"http:\/\/colegiomariareina.cl\/2013\/wp-content\/uploads\/2014\/06\/DSC02602-100x100.jpg\" width=\"100\" height=\"100\" \/><\/a> <a href=\"http:\/\/colegiomariareina.cl\/2013\/wp-content\/uploads\/2014\/06\/DSC02597.jpg\"><img loading=\"lazy\" decoding=\"async\" class=\"alignleft size-thumbnail wp-image-2371\" alt=\"DSC02597\" src=\"http:\/\/colegiomariareina.cl\/2013\/wp-content\/uploads\/2014\/06\/DSC02597-100x100.jpg\" width=\"100\" height=\"100\" \/><\/a> <a href=\"http:\/\/colegiomariareina.cl\/2013\/wp-content\/uploads\/2014\/06\/DSC02595.jpg\"><img loading=\"lazy\" decoding=\"async\" class=\"alignleft size-thumbnail wp-image-2370\" alt=\"DSC02595\" src=\"http:\/\/colegiomariareina.cl\/2013\/wp-content\/uploads\/2014\/06\/DSC02595-100x100.jpg\" width=\"100\" height=\"100\" \/><\/a> <a href=\"http:\/\/colegiomariareina.cl\/2013\/wp-content\/uploads\/2014\/06\/DSC02587.jpg\"><img loading=\"lazy\" decoding=\"async\" class=\"alignleft size-thumbnail wp-image-2369\" alt=\"DSC02587\" src=\"http:\/\/colegiomariareina.cl\/2013\/wp-content\/uploads\/2014\/06\/DSC02587-100x100.jpg\" width=\"100\" height=\"100\" \/><\/a> <a href=\"http:\/\/colegiomariareina.cl\/2013\/wp-content\/uploads\/2014\/06\/DSC02586.jpg\"><img loading=\"lazy\" decoding=\"async\" class=\"alignleft size-thumbnail wp-image-2368\" alt=\"DSC02586\" src=\"http:\/\/colegiomariareina.cl\/2013\/wp-content\/uploads\/2014\/06\/DSC02586-100x100.jpg\" width=\"100\" height=\"100\" \/><\/a> <a href=\"http:\/\/colegiomariareina.cl\/2013\/wp-content\/uploads\/2014\/06\/DSC02584.jpg\"><img loading=\"lazy\" decoding=\"async\" class=\"alignleft size-thumbnail wp-image-2367\" alt=\"DSC02584\" src=\"http:\/\/colegiomariareina.cl\/2013\/wp-content\/uploads\/2014\/06\/DSC02584-100x100.jpg\" width=\"100\" height=\"100\" \/><\/a> <a href=\"http:\/\/colegiomariareina.cl\/2013\/wp-content\/uploads\/2014\/06\/DSC02582.jpg\"><img loading=\"lazy\" decoding=\"async\" class=\"alignleft size-thumbnail wp-image-2366\" alt=\"DSC02582\" src=\"http:\/\/colegiomariareina.cl\/2013\/wp-content\/uploads\/2014\/06\/DSC02582-100x100.jpg\" width=\"100\" height=\"100\" \/><\/a> <a href=\"http:\/\/colegiomariareina.cl\/2013\/wp-content\/uploads\/2014\/06\/DSC02581.jpg\"><img loading=\"lazy\" decoding=\"async\" class=\"alignleft size-thumbnail wp-image-2365\" alt=\"DSC02581\" src=\"http:\/\/colegiomariareina.cl\/2013\/wp-content\/uploads\/2014\/06\/DSC02581-100x100.jpg\" width=\"100\" height=\"100\" \/><\/a> <a href=\"http:\/\/colegiomariareina.cl\/2013\/wp-content\/uploads\/2014\/06\/DSC02580.jpg\"><img loading=\"lazy\" decoding=\"async\" class=\"alignleft size-thumbnail wp-image-2364\" alt=\"DSC02580\" src=\"http:\/\/colegiomariareina.cl\/2013\/wp-content\/uploads\/2014\/06\/DSC02580-100x100.jpg\" width=\"100\" height=\"100\" \/><\/a> <a href=\"http:\/\/colegiomariareina.cl\/2013\/wp-content\/uploads\/2014\/06\/DSC02577.jpg\"><img loading=\"lazy\" decoding=\"async\" class=\"alignleft size-thumbnail wp-image-2363\" alt=\"DSC02577\" src=\"http:\/\/colegiomariareina.cl\/2013\/wp-content\/uploads\/2014\/06\/DSC02577-100x100.jpg\" width=\"100\" height=\"100\" \/><\/a> <a href=\"http:\/\/colegiomariareina.cl\/2013\/wp-content\/uploads\/2014\/06\/DSC02576.jpg\"><img loading=\"lazy\" decoding=\"async\" class=\"alignleft size-thumbnail wp-image-2362\" alt=\"DSC02576\" src=\"http:\/\/colegiomariareina.cl\/2013\/wp-content\/uploads\/2014\/06\/DSC02576-100x100.jpg\" width=\"100\" height=\"100\" \/><\/a> <a href=\"http:\/\/colegiomariareina.cl\/2013\/wp-content\/uploads\/2014\/06\/DSC02574.jpg\"><img loading=\"lazy\" decoding=\"async\" class=\"alignleft size-thumbnail wp-image-2361\" alt=\"DSC02574\" src=\"http:\/\/colegiomariareina.cl\/2013\/wp-content\/uploads\/2014\/06\/DSC02574-100x100.jpg\" width=\"100\" height=\"100\" \/><\/a> <a href=\"http:\/\/colegiomariareina.cl\/2013\/wp-content\/uploads\/2014\/06\/DSC02573.jpg\"><img loading=\"lazy\" decoding=\"async\" class=\"alignleft size-thumbnail wp-image-2360\" alt=\"DSC02573\" src=\"http:\/\/colegiomariareina.cl\/2013\/wp-content\/uploads\/2014\/06\/DSC02573-100x100.jpg\" width=\"100\" height=\"100\" \/><\/a><\/p>\n","protected":false},"excerpt":{"rendered":"<p>AYUDA A VALPARA\u00cdSO: \u00a0\u00a0\u00a0\u00a0\u00a0\u00a0 El d\u00eda viernes 23 un grupo de estudiantes de la pastoral juvenil, del centro de alumnos juntamente con los profesores y la directora hacen entrega de la donaci\u00f3n a las familias de Valpara\u00edso, de esa forma tambi\u00e9n nosotros como colegio nos hacemos parte del sufrimiento de nuestros hermanos. \u00a0<\/p>\n","protected":false},"author":1,"featured_media":2366,"comment_status":"open","ping_status":"open","sticky":false,"template":"","format":"standard","meta":{"_et_pb_use_builder":"","_et_pb_old_content":"","_et_gb_content_width":"","footnotes":""},"categories":[3],"tags":[],"class_list":["post-2358","post","type-post","status-publish","format-standard","has-post-thumbnail","hentry","category-noticias"],"_links":{"self":[{"href":"https:\/\/colegiomariareina.cl\/2025\/wp-json\/wp\/v2\/posts\/2358","targetHints":{"allow":["GET"]}}],"collection":[{"href":"https:\/\/colegiomariareina.cl\/2025\/wp-json\/wp\/v2\/posts"}],"about":[{"href":"https:\/\/colegiomariareina.cl\/2025\/wp-json\/wp\/v2\/types\/post"}],"author":[{"embeddable":true,"href":"https:\/\/colegiomariareina.cl\/2025\/wp-json\/wp\/v2\/users\/1"}],"replies":[{"embeddable":true,"href":"https:\/\/colegiomariareina.cl\/2025\/wp-json\/wp\/v2\/comments?post=2358"}],"version-history":[{"count":0,"href":"https:\/\/colegiomariareina.cl\/2025\/wp-json\/wp\/v2\/posts\/2358\/revisions"}],"wp:featuredmedia":[{"embeddable":true,"href":"https:\/\/colegiomariareina.cl\/2025\/wp-json\/wp\/v2\/media\/2366"}],"wp:attachment":[{"href":"https:\/\/colegiomariareina.cl\/2025\/wp-json\/wp\/v2\/media?parent=2358"}],"wp:term":[{"taxonomy":"category","embeddable":true,"href":"https:\/\/colegiomariareina.cl\/2025\/wp-json\/wp\/v2\/categories?post=2358"},{"taxonomy":"post_tag","embeddable":true,"href":"https:\/\/colegiomariareina.cl\/2025\/wp-json\/wp\/v2\/tags?post=2358"}],"curies":[{"name":"wp","href":"https:\/\/api.w.org\/{rel}","templated":true}]}}