{"id":2383,"date":"2014-06-02T21:21:05","date_gmt":"2014-06-02T21:21:05","guid":{"rendered":"http:\/\/colegiomariareina.cl\/2013\/?p=2383"},"modified":"2018-06-08T21:35:52","modified_gmt":"2018-06-08T21:35:52","slug":"ensayo-de-la-banda-todos-los-sabados-de-11-00-a-13-00-horas","status":"publish","type":"post","link":"https:\/\/colegiomariareina.cl\/2025\/ensayo-de-la-banda-todos-los-sabados-de-11-00-a-13-00-horas\/","title":{"rendered":"ENSAYO DE LA BANDA: Todos los s\u00e1bados de 11.00 a 13.00 horas ."},"content":{"rendered":"<p><b>\u00a0<\/b><b>ENSAYO DE LA BANDA<\/b>:<\/p>\n<p style=\"text-align: justify;\">\u00a0\u00a0 Todos los s\u00e1bados de 11.00 a 13.00 horas se re\u00fanen los exalumnos con algunos estudiantes del colegio para ensayar la banda de guerra. Cada s\u00e1bado se van incorporando m\u00e1s al ensayo.<\/p>\n<p style=\"text-align: justify;\"><a href=\"http:\/\/colegiomariareina.cl\/2013\/wp-content\/uploads\/2014\/06\/DSC02618.jpg\"><img loading=\"lazy\" decoding=\"async\" class=\"alignleft size-thumbnail wp-image-2382\" alt=\"DSC02618\" src=\"http:\/\/colegiomariareina.cl\/2013\/wp-content\/uploads\/2014\/06\/DSC02618-100x100.jpg\" width=\"100\" height=\"100\" \/><\/a> <a href=\"http:\/\/colegiomariareina.cl\/2013\/wp-content\/uploads\/2014\/06\/DSC02616.jpg\"><img loading=\"lazy\" decoding=\"async\" class=\"alignleft size-thumbnail wp-image-2381\" alt=\"DSC02616\" src=\"http:\/\/colegiomariareina.cl\/2013\/wp-content\/uploads\/2014\/06\/DSC02616-100x100.jpg\" width=\"100\" height=\"100\" \/><\/a> <a href=\"http:\/\/colegiomariareina.cl\/2013\/wp-content\/uploads\/2014\/06\/DSC02614.jpg\"><img loading=\"lazy\" decoding=\"async\" class=\"alignleft size-thumbnail wp-image-2380\" alt=\"DSC02614\" src=\"http:\/\/colegiomariareina.cl\/2013\/wp-content\/uploads\/2014\/06\/DSC02614-100x100.jpg\" width=\"100\" height=\"100\" \/><\/a> <a href=\"http:\/\/colegiomariareina.cl\/2013\/wp-content\/uploads\/2014\/06\/DSC02611.jpg\"><img loading=\"lazy\" decoding=\"async\" class=\"alignleft size-thumbnail wp-image-2379\" alt=\"DSC02611\" src=\"http:\/\/colegiomariareina.cl\/2013\/wp-content\/uploads\/2014\/06\/DSC02611-100x100.jpg\" width=\"100\" height=\"100\" \/><\/a> <a href=\"http:\/\/colegiomariareina.cl\/2013\/wp-content\/uploads\/2014\/06\/DSC02610.jpg\"><img loading=\"lazy\" decoding=\"async\" class=\"alignleft size-thumbnail wp-image-2378\" alt=\"DSC02610\" src=\"http:\/\/colegiomariareina.cl\/2013\/wp-content\/uploads\/2014\/06\/DSC02610-100x100.jpg\" width=\"100\" height=\"100\" \/><\/a> <a href=\"http:\/\/colegiomariareina.cl\/2013\/wp-content\/uploads\/2014\/06\/DSC02609.jpg\"><img loading=\"lazy\" decoding=\"async\" class=\"alignleft size-thumbnail wp-image-2377\" alt=\"DSC02609\" src=\"http:\/\/colegiomariareina.cl\/2013\/wp-content\/uploads\/2014\/06\/DSC02609-100x100.jpg\" width=\"100\" height=\"100\" \/><\/a> <a href=\"http:\/\/colegiomariareina.cl\/2013\/wp-content\/uploads\/2014\/06\/DSC02606.jpg\"><img loading=\"lazy\" decoding=\"async\" class=\"alignleft size-thumbnail wp-image-2376\" alt=\"DSC02606\" src=\"http:\/\/colegiomariareina.cl\/2013\/wp-content\/uploads\/2014\/06\/DSC02606-100x100.jpg\" width=\"100\" height=\"100\" \/><\/a><\/p>\n<p style=\"text-align: justify;\">\u00a0<\/p>\n","protected":false},"excerpt":{"rendered":"<p>\u00a0ENSAYO DE LA BANDA: \u00a0\u00a0 Todos los s\u00e1bados de 11.00 a 13.00 horas se re\u00fanen los exalumnos con algunos estudiantes del colegio para ensayar la banda de guerra. Cada s\u00e1bado se van incorporando m\u00e1s al ensayo. \u00a0<\/p>\n","protected":false},"author":1,"featured_media":2376,"comment_status":"open","ping_status":"open","sticky":false,"template":"","format":"standard","meta":{"_et_pb_use_builder":"","_et_pb_old_content":"","_et_gb_content_width":"","footnotes":""},"categories":[3],"tags":[],"class_list":["post-2383","post","type-post","status-publish","format-standard","has-post-thumbnail","hentry","category-noticias"],"_links":{"self":[{"href":"https:\/\/colegiomariareina.cl\/2025\/wp-json\/wp\/v2\/posts\/2383","targetHints":{"allow":["GET"]}}],"collection":[{"href":"https:\/\/colegiomariareina.cl\/2025\/wp-json\/wp\/v2\/posts"}],"about":[{"href":"https:\/\/colegiomariareina.cl\/2025\/wp-json\/wp\/v2\/types\/post"}],"author":[{"embeddable":true,"href":"https:\/\/colegiomariareina.cl\/2025\/wp-json\/wp\/v2\/users\/1"}],"replies":[{"embeddable":true,"href":"https:\/\/colegiomariareina.cl\/2025\/wp-json\/wp\/v2\/comments?post=2383"}],"version-history":[{"count":1,"href":"https:\/\/colegiomariareina.cl\/2025\/wp-json\/wp\/v2\/posts\/2383\/revisions"}],"predecessor-version":[{"id":10597,"href":"https:\/\/colegiomariareina.cl\/2025\/wp-json\/wp\/v2\/posts\/2383\/revisions\/10597"}],"wp:featuredmedia":[{"embeddable":true,"href":"https:\/\/colegiomariareina.cl\/2025\/wp-json\/wp\/v2\/media\/2376"}],"wp:attachment":[{"href":"https:\/\/colegiomariareina.cl\/2025\/wp-json\/wp\/v2\/media?parent=2383"}],"wp:term":[{"taxonomy":"category","embeddable":true,"href":"https:\/\/colegiomariareina.cl\/2025\/wp-json\/wp\/v2\/categories?post=2383"},{"taxonomy":"post_tag","embeddable":true,"href":"https:\/\/colegiomariareina.cl\/2025\/wp-json\/wp\/v2\/tags?post=2383"}],"curies":[{"name":"wp","href":"https:\/\/api.w.org\/{rel}","templated":true}]}}