{"id":2495,"date":"2014-06-30T21:33:25","date_gmt":"2014-06-30T21:33:25","guid":{"rendered":"http:\/\/colegiomariareina.cl\/2013\/?p=2495"},"modified":"2014-06-30T21:33:25","modified_gmt":"2014-06-30T21:33:25","slug":"encuentro-de-alumnos-josefinos-trinitarios-6-7-8-de-junio","status":"publish","type":"post","link":"https:\/\/colegiomariareina.cl\/2025\/encuentro-de-alumnos-josefinos-trinitarios-6-7-8-de-junio\/","title":{"rendered":"ENCUENTRO DE ALUMNOS JOSEFINOS TRINITARIOS: 6-7-8 de Junio.-"},"content":{"rendered":"<h1 align=\"center\"><b>Encuentro de Alumnos Josefinos Trinitarios:<\/b><\/h1>\n<p align=\"center\">\u00a0<\/p>\n<p style=\"text-align: justify;\" align=\"center\">\u00a0\u00a0\u00a0\u00a0\u00a0 Los d\u00edas 06,07 y 08 de junio se realiz\u00f3 el encuentro de alumnos Josefinos Trinitarios, estos encuentros nos permiten\u00a0 fortalecer la identidad\u00a0 de nuestros j\u00f3venes con el Carisma. El gran tema que acompa\u00f1\u00f3 estos d\u00edas fue el Esp\u00edritu Santo, por la fiesta de Pentecost\u00e9s.<\/p>\n<p style=\"text-align: justify;\" align=\"center\">Algunos reflexiones del encuentro\u00a0 \u00bfQu\u00e9 nos dice el Padre Eladio del Esp\u00edritu Santo? La respuesta es simple para un hombre de Dios \u201cUn defensor, un gu\u00eda un dador de vida y fuego que abraza\u201d. \u00bfLos j\u00f3venes permiten que el Esp\u00edritu Santo habite en ellos? La pregunta comprometedora \u201cEs dif\u00edcil, pero los que estamos en el encuentro es porque queremos que nos gu\u00ede en el camino, tenemos muchas distracciones, pero ah\u00ed se prueba al verdadero joven cristiano\u201d.<\/p>\n<p style=\"text-align: justify;\" align=\"center\"><a href=\"http:\/\/colegiomariareina.cl\/2013\/wp-content\/uploads\/2014\/06\/DSC03358.jpg\"><img loading=\"lazy\" decoding=\"async\" class=\"alignleft size-thumbnail wp-image-2492\" alt=\"DSC03358\" src=\"http:\/\/colegiomariareina.cl\/2013\/wp-content\/uploads\/2014\/06\/DSC03358-100x100.jpg\" width=\"100\" height=\"100\" \/><\/a> <a href=\"http:\/\/colegiomariareina.cl\/2013\/wp-content\/uploads\/2014\/06\/DSC03318.jpg\"><img loading=\"lazy\" decoding=\"async\" class=\"alignleft size-thumbnail wp-image-2486\" alt=\"DSC03318\" src=\"http:\/\/colegiomariareina.cl\/2013\/wp-content\/uploads\/2014\/06\/DSC03318-100x100.jpg\" width=\"100\" height=\"100\" \/><\/a> <a href=\"http:\/\/colegiomariareina.cl\/2013\/wp-content\/uploads\/2014\/06\/DSC03360.jpg\"><img loading=\"lazy\" decoding=\"async\" class=\"alignleft size-thumbnail wp-image-2493\" alt=\"DSC03360\" src=\"http:\/\/colegiomariareina.cl\/2013\/wp-content\/uploads\/2014\/06\/DSC03360-100x100.jpg\" width=\"100\" height=\"100\" \/><\/a> <a href=\"http:\/\/colegiomariareina.cl\/2013\/wp-content\/uploads\/2014\/06\/DSC03071.jpg\"><img loading=\"lazy\" decoding=\"async\" class=\"alignleft size-thumbnail wp-image-2471\" alt=\"DSC03071\" src=\"http:\/\/colegiomariareina.cl\/2013\/wp-content\/uploads\/2014\/06\/DSC03071-100x100.jpg\" width=\"100\" height=\"100\" \/><\/a> <a href=\"http:\/\/colegiomariareina.cl\/2013\/wp-content\/uploads\/2014\/06\/DSC03107.jpg\"><img loading=\"lazy\" decoding=\"async\" class=\"alignleft size-thumbnail wp-image-2472\" alt=\"DSC03107\" src=\"http:\/\/colegiomariareina.cl\/2013\/wp-content\/uploads\/2014\/06\/DSC03107-100x100.jpg\" width=\"100\" height=\"100\" \/><\/a> <a href=\"http:\/\/colegiomariareina.cl\/2013\/wp-content\/uploads\/2014\/06\/DSC03336.jpg\"><img loading=\"lazy\" decoding=\"async\" class=\"alignleft size-thumbnail wp-image-2488\" alt=\"DSC03336\" src=\"http:\/\/colegiomariareina.cl\/2013\/wp-content\/uploads\/2014\/06\/DSC03336-100x100.jpg\" width=\"100\" height=\"100\" \/><\/a> <a href=\"http:\/\/colegiomariareina.cl\/2013\/wp-content\/uploads\/2014\/06\/DSC03295.jpg\"><img loading=\"lazy\" decoding=\"async\" class=\"alignleft size-thumbnail wp-image-2484\" alt=\"DSC03295\" src=\"http:\/\/colegiomariareina.cl\/2013\/wp-content\/uploads\/2014\/06\/DSC03295-100x100.jpg\" width=\"100\" height=\"100\" \/><\/a> <a href=\"http:\/\/colegiomariareina.cl\/2013\/wp-content\/uploads\/2014\/06\/DSC03339.jpg\"><img loading=\"lazy\" decoding=\"async\" class=\"alignleft size-thumbnail wp-image-2490\" alt=\"DSC03339\" src=\"http:\/\/colegiomariareina.cl\/2013\/wp-content\/uploads\/2014\/06\/DSC03339-100x100.jpg\" width=\"100\" height=\"100\" \/><\/a> <a href=\"http:\/\/colegiomariareina.cl\/2013\/wp-content\/uploads\/2014\/06\/DSC03203.jpg\"><img loading=\"lazy\" decoding=\"async\" class=\"alignleft size-thumbnail wp-image-2479\" alt=\"DSC03203\" src=\"http:\/\/colegiomariareina.cl\/2013\/wp-content\/uploads\/2014\/06\/DSC03203-100x100.jpg\" width=\"100\" height=\"100\" \/><\/a> <a href=\"http:\/\/colegiomariareina.cl\/2013\/wp-content\/uploads\/2014\/06\/DSC03164.jpg\"><img loading=\"lazy\" decoding=\"async\" class=\"alignleft size-thumbnail wp-image-2475\" alt=\"DSC03164\" src=\"http:\/\/colegiomariareina.cl\/2013\/wp-content\/uploads\/2014\/06\/DSC03164-100x100.jpg\" width=\"100\" height=\"100\" \/><\/a> <a href=\"http:\/\/colegiomariareina.cl\/2013\/wp-content\/uploads\/2014\/06\/DSC03499.jpg\"><img loading=\"lazy\" decoding=\"async\" class=\"alignleft size-thumbnail wp-image-2466\" alt=\"DSC03499\" src=\"http:\/\/colegiomariareina.cl\/2013\/wp-content\/uploads\/2014\/06\/DSC03499-100x100.jpg\" width=\"100\" height=\"100\" \/><\/a><\/p>\n","protected":false},"excerpt":{"rendered":"<p>Encuentro de Alumnos Josefinos Trinitarios: \u00a0 \u00a0\u00a0\u00a0\u00a0\u00a0 Los d\u00edas 06,07 y 08 de junio se realiz\u00f3 el encuentro de alumnos Josefinos Trinitarios, estos encuentros nos permiten\u00a0 fortalecer la identidad\u00a0 de nuestros j\u00f3venes con el Carisma. El gran tema que acompa\u00f1\u00f3 estos d\u00edas fue el Esp\u00edritu Santo, por la fiesta de Pentecost\u00e9s. Algunos reflexiones del encuentro\u00a0 [&hellip;]<\/p>\n","protected":false},"author":1,"featured_media":2486,"comment_status":"open","ping_status":"open","sticky":false,"template":"","format":"standard","meta":{"_et_pb_use_builder":"","_et_pb_old_content":"","_et_gb_content_width":"","footnotes":""},"categories":[3],"tags":[],"class_list":["post-2495","post","type-post","status-publish","format-standard","has-post-thumbnail","hentry","category-noticias"],"_links":{"self":[{"href":"https:\/\/colegiomariareina.cl\/2025\/wp-json\/wp\/v2\/posts\/2495","targetHints":{"allow":["GET"]}}],"collection":[{"href":"https:\/\/colegiomariareina.cl\/2025\/wp-json\/wp\/v2\/posts"}],"about":[{"href":"https:\/\/colegiomariareina.cl\/2025\/wp-json\/wp\/v2\/types\/post"}],"author":[{"embeddable":true,"href":"https:\/\/colegiomariareina.cl\/2025\/wp-json\/wp\/v2\/users\/1"}],"replies":[{"embeddable":true,"href":"https:\/\/colegiomariareina.cl\/2025\/wp-json\/wp\/v2\/comments?post=2495"}],"version-history":[{"count":0,"href":"https:\/\/colegiomariareina.cl\/2025\/wp-json\/wp\/v2\/posts\/2495\/revisions"}],"wp:featuredmedia":[{"embeddable":true,"href":"https:\/\/colegiomariareina.cl\/2025\/wp-json\/wp\/v2\/media\/2486"}],"wp:attachment":[{"href":"https:\/\/colegiomariareina.cl\/2025\/wp-json\/wp\/v2\/media?parent=2495"}],"wp:term":[{"taxonomy":"category","embeddable":true,"href":"https:\/\/colegiomariareina.cl\/2025\/wp-json\/wp\/v2\/categories?post=2495"},{"taxonomy":"post_tag","embeddable":true,"href":"https:\/\/colegiomariareina.cl\/2025\/wp-json\/wp\/v2\/tags?post=2495"}],"curies":[{"name":"wp","href":"https:\/\/api.w.org\/{rel}","templated":true}]}}