{"id":2500,"date":"2014-07-02T15:51:16","date_gmt":"2014-07-02T15:51:16","guid":{"rendered":"http:\/\/colegiomariareina.cl\/2013\/?p=2500"},"modified":"2014-07-02T15:51:16","modified_gmt":"2014-07-02T15:51:16","slug":"eucaristia-de-la-santisima-trinidad-11-y-15-de-junio","status":"publish","type":"post","link":"https:\/\/colegiomariareina.cl\/2025\/eucaristia-de-la-santisima-trinidad-11-y-15-de-junio\/","title":{"rendered":"EUCARIST\u00cdA DE LA SANT\u00cdSIMA TRINIDAD: 11 y 15 de Junio.-"},"content":{"rendered":"<p align=\"center\"><strong>EUCARIST\u00cdA DE LA SANT\u00cdSIMA TRINIDAD:<\/strong><\/p>\n<p style=\"text-align: justify;\" align=\"center\">\u00a0\u00a0\u00a0\u00a0 Por ser la Sant\u00edsima Trinidad\u00a0 una de las fiestas importantes del Carisma Josefino Trinitario, se vivi\u00f3 en dos momentos. El d\u00eda mi\u00e9rcoles 11 de junio se celebr\u00f3 con los alumnos y el 15 con el personal y sus familias. Tambi\u00e9n\u00a0 asisten apoderados del colegio.<\/p>\n<p style=\"text-align: justify;\">\u00a0\u00a0\u00a0\u00a0\u00a0 Nos une el mismo sentir a todos los que participamos de esta celebraci\u00f3n, dar la Suma Gloria a Dios Uno y Trino.<\/p>\n<p style=\"text-align: justify;\">\u00a0\u00a0\u00a0\u00a0\u00a0 Despu\u00e9s de esta celebraci\u00f3n de agradecimiento por los 50 a\u00f1os de presencia Josefino Trinitaria en la Isla de Maipo se realiz\u00f3 el compartir\u00a0 en el gimnasio del colegio.<\/p>\n<p style=\"text-align: justify;\">\u00a0<\/p>\n<blockquote>\n<p style=\"text-align: center;\"><a href=\"http:\/\/colegiomariareina.cl\/2013\/wp-content\/uploads\/2014\/07\/fotos-para-la-p\u00e1gina.pptx\"><strong><span style=\"color: #ff00ff;\">Fotograf\u00edas de Eucarist\u00eda de la Sant\u00edsima Trinidad<\/span><\/strong><\/a><\/p>\n<\/blockquote>\n<p style=\"text-align: justify;\" align=\"center\">\u00a0<\/p>\n<h2 align=\"center\"><b>\u00a0<\/b><strong>\u201cEs Dios un oc\u00e9ano inmenso <\/strong><strong>de bondad y amor\u201d<\/strong><\/h2>\n","protected":false},"excerpt":{"rendered":"<p>EUCARIST\u00cdA DE LA SANT\u00cdSIMA TRINIDAD: \u00a0\u00a0\u00a0\u00a0 Por ser la Sant\u00edsima Trinidad\u00a0 una de las fiestas importantes del Carisma Josefino Trinitario, se vivi\u00f3 en dos momentos. El d\u00eda mi\u00e9rcoles 11 de junio se celebr\u00f3 con los alumnos y el 15 con el personal y sus familias. Tambi\u00e9n\u00a0 asisten apoderados del colegio. \u00a0\u00a0\u00a0\u00a0\u00a0 Nos une el mismo [&hellip;]<\/p>\n","protected":false},"author":1,"featured_media":0,"comment_status":"open","ping_status":"open","sticky":false,"template":"","format":"standard","meta":{"_et_pb_use_builder":"","_et_pb_old_content":"","_et_gb_content_width":"","footnotes":""},"categories":[3],"tags":[],"class_list":["post-2500","post","type-post","status-publish","format-standard","hentry","category-noticias"],"_links":{"self":[{"href":"https:\/\/colegiomariareina.cl\/2025\/wp-json\/wp\/v2\/posts\/2500","targetHints":{"allow":["GET"]}}],"collection":[{"href":"https:\/\/colegiomariareina.cl\/2025\/wp-json\/wp\/v2\/posts"}],"about":[{"href":"https:\/\/colegiomariareina.cl\/2025\/wp-json\/wp\/v2\/types\/post"}],"author":[{"embeddable":true,"href":"https:\/\/colegiomariareina.cl\/2025\/wp-json\/wp\/v2\/users\/1"}],"replies":[{"embeddable":true,"href":"https:\/\/colegiomariareina.cl\/2025\/wp-json\/wp\/v2\/comments?post=2500"}],"version-history":[{"count":0,"href":"https:\/\/colegiomariareina.cl\/2025\/wp-json\/wp\/v2\/posts\/2500\/revisions"}],"wp:attachment":[{"href":"https:\/\/colegiomariareina.cl\/2025\/wp-json\/wp\/v2\/media?parent=2500"}],"wp:term":[{"taxonomy":"category","embeddable":true,"href":"https:\/\/colegiomariareina.cl\/2025\/wp-json\/wp\/v2\/categories?post=2500"},{"taxonomy":"post_tag","embeddable":true,"href":"https:\/\/colegiomariareina.cl\/2025\/wp-json\/wp\/v2\/tags?post=2500"}],"curies":[{"name":"wp","href":"https:\/\/api.w.org\/{rel}","templated":true}]}}