{"id":2516,"date":"2014-07-07T15:59:53","date_gmt":"2014-07-07T15:59:53","guid":{"rendered":"http:\/\/colegiomariareina.cl\/2013\/?p=2516"},"modified":"2014-07-07T15:59:53","modified_gmt":"2014-07-07T15:59:53","slug":"vacaciones-de-invierno-2014","status":"publish","type":"post","link":"https:\/\/colegiomariareina.cl\/2025\/vacaciones-de-invierno-2014\/","title":{"rendered":"VACACIONES DE INVIERNO 2014"},"content":{"rendered":"<p style=\"text-align: center;\"><b>ESTIMADOS PADRES Y APODERADOS:<\/b><\/p>\n<p style=\"text-align: center;\">\u00a0<\/p>\n<p style=\"text-align: justify;\">\u00a0<b>\u00a0\u00a0\u00a0\u00a0\u00a0<\/b> <em>Se le comunica que el jueves 10\u00a0 de julio comienzan las vacaciones de invierno para todos los alumnos y su regreso a clase ser\u00e1 el lunes 28 de julio a las 8,00 horas.\u00a0<\/em><\/p>\n<p style=\"text-align: justify;\"><em>\u00a0\u00a0\u00a0\u00a0\u00a0 El colegio Maria Reina Inmaculada, en su a\u00f1o de gracia por estar cumpliendo sus 50 a\u00f1os, les desea puedan aprovechar este periodo para fortalecer el di\u00e1logo y comunicaci\u00f3n con sus hijos, repongan fuerzas y puedan comenzar con nuevas energ\u00edas para el segundo periodo del a\u00f1o escolar.<\/em><\/p>\n<p style=\"text-align: justify;\"><em>\u00a0<\/em><\/p>\n<p><a href=\"http:\/\/colegiomariareina.cl\/2013\/wp-content\/uploads\/2014\/07\/Diapositiva1.jpg\"><img loading=\"lazy\" decoding=\"async\" class=\"size-thumbnail wp-image-2515 aligncenter\" alt=\"Diapositiva1\" src=\"http:\/\/colegiomariareina.cl\/2013\/wp-content\/uploads\/2014\/07\/Diapositiva1-100x100.jpg\" width=\"121\" height=\"133\" \/><\/a><\/p>\n<p>&nbsp;<\/p>\n<p>&nbsp;<\/p>\n<p>&nbsp;<\/p>\n<p>&nbsp;<\/p>\n<p>&nbsp;<\/p>\n<p>&nbsp;<\/p>\n","protected":false},"excerpt":{"rendered":"<p>ESTIMADOS PADRES Y APODERADOS: \u00a0 \u00a0\u00a0\u00a0\u00a0\u00a0\u00a0 Se le comunica que el jueves 10\u00a0 de julio comienzan las vacaciones de invierno para todos los alumnos y su regreso a clase ser\u00e1 el lunes 28 de julio a las 8,00 horas.\u00a0 \u00a0\u00a0\u00a0\u00a0\u00a0 El colegio Maria Reina Inmaculada, en su a\u00f1o de gracia por estar cumpliendo sus 50 [&hellip;]<\/p>\n","protected":false},"author":1,"featured_media":2540,"comment_status":"open","ping_status":"open","sticky":false,"template":"","format":"standard","meta":{"_et_pb_use_builder":"","_et_pb_old_content":"","_et_gb_content_width":"","footnotes":""},"categories":[3],"tags":[],"class_list":["post-2516","post","type-post","status-publish","format-standard","has-post-thumbnail","hentry","category-noticias"],"_links":{"self":[{"href":"https:\/\/colegiomariareina.cl\/2025\/wp-json\/wp\/v2\/posts\/2516","targetHints":{"allow":["GET"]}}],"collection":[{"href":"https:\/\/colegiomariareina.cl\/2025\/wp-json\/wp\/v2\/posts"}],"about":[{"href":"https:\/\/colegiomariareina.cl\/2025\/wp-json\/wp\/v2\/types\/post"}],"author":[{"embeddable":true,"href":"https:\/\/colegiomariareina.cl\/2025\/wp-json\/wp\/v2\/users\/1"}],"replies":[{"embeddable":true,"href":"https:\/\/colegiomariareina.cl\/2025\/wp-json\/wp\/v2\/comments?post=2516"}],"version-history":[{"count":0,"href":"https:\/\/colegiomariareina.cl\/2025\/wp-json\/wp\/v2\/posts\/2516\/revisions"}],"wp:featuredmedia":[{"embeddable":true,"href":"https:\/\/colegiomariareina.cl\/2025\/wp-json\/wp\/v2\/media\/2540"}],"wp:attachment":[{"href":"https:\/\/colegiomariareina.cl\/2025\/wp-json\/wp\/v2\/media?parent=2516"}],"wp:term":[{"taxonomy":"category","embeddable":true,"href":"https:\/\/colegiomariareina.cl\/2025\/wp-json\/wp\/v2\/categories?post=2516"},{"taxonomy":"post_tag","embeddable":true,"href":"https:\/\/colegiomariareina.cl\/2025\/wp-json\/wp\/v2\/tags?post=2516"}],"curies":[{"name":"wp","href":"https:\/\/api.w.org\/{rel}","templated":true}]}}