{"id":2548,"date":"2014-08-04T18:54:38","date_gmt":"2014-08-04T18:54:38","guid":{"rendered":"http:\/\/colegiomariareina.cl\/2013\/?p=2548"},"modified":"2014-08-04T18:54:38","modified_gmt":"2014-08-04T18:54:38","slug":"xxviii-capitulo-general-hh-josefinas-de-la-santisima-trinidad","status":"publish","type":"post","link":"https:\/\/colegiomariareina.cl\/2025\/xxviii-capitulo-general-hh-josefinas-de-la-santisima-trinidad\/","title":{"rendered":"XXVIII CAP\u00cdTULO GENERAL &#8211; EL PARDO MADRID, Julio 2014 &#8211; HH.Josefinas de la Sant\u00edsima Trinidad."},"content":{"rendered":"<p style=\"text-align: center;\" align=\"center\">\u00a0<\/p>\n<h2 style=\"text-align: center;\"><strong>HNA. MAR\u00cdA LUISA D\u00c1VILA FERN\u00c1NDEZ<\/strong><\/h2>\n<h2 style=\"text-align: center;\">Nueva Superiora General &#8211; HH.Josefinas de la Sant\u00edsima Trinidad<\/h2>\n<p>&nbsp;<\/p>\n<p style=\"padding-left: 210px;\">\u00a0\u00a0\u00a0\u00a0\u00a0<a href=\"http:\/\/colegiomariareina.cl\/2013\/wp-content\/uploads\/2014\/08\/Escudo.jpg\"><img loading=\"lazy\" decoding=\"async\" class=\"size-thumbnail wp-image-2688 aligncenter\" alt=\"Escudo\" src=\"http:\/\/colegiomariareina.cl\/2013\/wp-content\/uploads\/2014\/08\/Escudo-100x100.jpg\" width=\"100\" height=\"100\" \/><\/a><\/p>\n<p style=\"text-align: center;\" align=\"center\">\u00a0\u00a0<\/p>\n<h3 style=\"text-align: center;\" align=\"center\">&#8220;<em>Desde el seno de la Trinidad\u00a0 <\/em><em>y en comuni\u00f3n fraterna,<\/em><br \/>\n<em>seamos portadores de vida&#8221;<\/em><\/h3>\n<p style=\"text-align: center;\" align=\"center\">\u00a0<\/p>\n<p style=\"text-align: center;\" align=\"center\">\u00a0\u00a0 Para todos los que formamos parte del Carisma Josefino Trinitario es un motivo de alegr\u00eda y gozo por el resultado del\u00a0 <strong>XXVIII Cap\u00edtulo General<\/strong>.\u00a0 Que despu\u00e9s de unos d\u00edas de oraci\u00f3n y reflexi\u00f3n se ha elegido a la Superiora General y sus consejeras.<\/p>\n<p style=\"text-align: center;\" align=\"center\">\u00a0La comunidad Educativa del <strong>Colegio Mar\u00eda Reina Inmaculada<\/strong> agradece a las hermanas que terminan su periodo y felicita a las hermanas que comienzan esta nueva misi\u00f3n.<\/p>\n<p style=\"text-align: center;\"><strong>Nuevo Gobierno General <\/strong><strong>HH.Josefinas de la Sant\u00edsima Trinidad<\/strong><\/p>\n<p style=\"padding-left: 240px;\"><a href=\"http:\/\/colegiomariareina.cl\/2013\/wp-content\/uploads\/2014\/08\/GOBIERNO.jpg\"><img loading=\"lazy\" decoding=\"async\" class=\"size-thumbnail wp-image-2613 aligncenter\" alt=\"GOBIERNO\" src=\"http:\/\/colegiomariareina.cl\/2013\/wp-content\/uploads\/2014\/08\/GOBIERNO-100x100.jpg\" width=\"100\" height=\"100\" \/><\/a><\/p>\n","protected":false},"excerpt":{"rendered":"<p>\u00a0 HNA. MAR\u00cdA LUISA D\u00c1VILA FERN\u00c1NDEZ Nueva Superiora General &#8211; HH.Josefinas de la Sant\u00edsima Trinidad &nbsp; \u00a0\u00a0\u00a0\u00a0\u00a0 \u00a0\u00a0 &#8220;Desde el seno de la Trinidad\u00a0 y en comuni\u00f3n fraterna, seamos portadores de vida&#8221; \u00a0 \u00a0\u00a0 Para todos los que formamos parte del Carisma Josefino Trinitario es un motivo de alegr\u00eda y gozo por el resultado del\u00a0 [&hellip;]<\/p>\n","protected":false},"author":1,"featured_media":2659,"comment_status":"open","ping_status":"open","sticky":false,"template":"","format":"standard","meta":{"_et_pb_use_builder":"","_et_pb_old_content":"","_et_gb_content_width":"","footnotes":""},"categories":[3],"tags":[],"class_list":["post-2548","post","type-post","status-publish","format-standard","has-post-thumbnail","hentry","category-noticias"],"_links":{"self":[{"href":"https:\/\/colegiomariareina.cl\/2025\/wp-json\/wp\/v2\/posts\/2548","targetHints":{"allow":["GET"]}}],"collection":[{"href":"https:\/\/colegiomariareina.cl\/2025\/wp-json\/wp\/v2\/posts"}],"about":[{"href":"https:\/\/colegiomariareina.cl\/2025\/wp-json\/wp\/v2\/types\/post"}],"author":[{"embeddable":true,"href":"https:\/\/colegiomariareina.cl\/2025\/wp-json\/wp\/v2\/users\/1"}],"replies":[{"embeddable":true,"href":"https:\/\/colegiomariareina.cl\/2025\/wp-json\/wp\/v2\/comments?post=2548"}],"version-history":[{"count":0,"href":"https:\/\/colegiomariareina.cl\/2025\/wp-json\/wp\/v2\/posts\/2548\/revisions"}],"wp:featuredmedia":[{"embeddable":true,"href":"https:\/\/colegiomariareina.cl\/2025\/wp-json\/wp\/v2\/media\/2659"}],"wp:attachment":[{"href":"https:\/\/colegiomariareina.cl\/2025\/wp-json\/wp\/v2\/media?parent=2548"}],"wp:term":[{"taxonomy":"category","embeddable":true,"href":"https:\/\/colegiomariareina.cl\/2025\/wp-json\/wp\/v2\/categories?post=2548"},{"taxonomy":"post_tag","embeddable":true,"href":"https:\/\/colegiomariareina.cl\/2025\/wp-json\/wp\/v2\/tags?post=2548"}],"curies":[{"name":"wp","href":"https:\/\/api.w.org\/{rel}","templated":true}]}}